{"id":5511,"date":"2024-02-01T09:00:00","date_gmt":"2024-02-01T09:00:00","guid":{"rendered":"https:\/\/invest351.com\/?p=5511"},"modified":"2025-02-27T22:33:51","modified_gmt":"2025-02-27T22:33:51","slug":"investing-talks-rui-bairrada-2","status":"publish","type":"post","link":"https:\/\/invest351.com\/fr\/investing-talks-miguel-garcia\/","title":{"rendered":"Investing Talks - Miguel Garcia"},"content":{"rendered":"<div data-elementor-type=\"wp-post\" data-elementor-id=\"5511\" class=\"elementor elementor-5511\" data-elementor-post-type=\"post\">\n\t\t\t\t\t\t<section class=\"elementor-section elementor-top-section elementor-element elementor-element-5080961 elementor-section-boxed elementor-section-height-default elementor-section-height-default\" data-id=\"5080961\" data-element_type=\"section\" data-e-type=\"section\">\n\t\t\t\t\t\t<div class=\"elementor-container elementor-column-gap-no\">\n\t\t\t\t\t<div class=\"elementor-column elementor-col-100 elementor-top-column elementor-element elementor-element-8225181\" data-id=\"8225181\" data-element_type=\"column\" data-e-type=\"column\">\n\t\t\t<div class=\"elementor-widget-wrap elementor-element-populated\">\n\t\t\t\t\t\t<div class=\"elementor-element elementor-element-4d0889d elementor-widget elementor-widget-heading\" data-id=\"4d0889d\" data-element_type=\"widget\" data-e-type=\"widget\" data-widget_type=\"heading.default\">\n\t\t\t\t<div class=\"elementor-widget-container\">\n\t\t\t\t\t<h2 class=\"elementor-heading-title elementor-size-default\">Entretiens sur l'investissement\n\n<\/h2>\t\t\t\t<\/div>\n\t\t\t\t<\/div>\n\t\t\t\t<div class=\"elementor-element elementor-element-2dd8a77 elementor-widget elementor-widget-heading\" data-id=\"2dd8a77\" data-element_type=\"widget\" data-e-type=\"widget\" data-widget_type=\"heading.default\">\n\t\t\t\t<div class=\"elementor-widget-container\">\n\t\t\t\t\t<h2 class=\"elementor-heading-title elementor-size-default\">Nom : Miguel Garcia <br><br>\n\n\n\n\n\n<\/h2>\t\t\t\t<\/div>\n\t\t\t\t<\/div>\n\t\t\t\t<div class=\"elementor-element elementor-element-faf9a1b elementor-hidden-desktop elementor-hidden-tablet elementor-hidden-mobile elementor-widget elementor-widget-text-editor\" data-id=\"faf9a1b\" data-element_type=\"widget\" data-e-type=\"widget\" data-widget_type=\"text-editor.default\">\n\t\t\t\t<div class=\"elementor-widget-container\">\n\t\t\t\t\t\t\t\t\t<p><strong>Note biographique : <br \/><\/strong><\/p><p><span style=\"background: yellow; mso-highlight: yellow;\">Miguel Garcia est n\u00e9 \u00e0 Moura, dans l'Alentejo. Il a grandi \u00e0 Moura jusqu'\u00e0 l'\u00e2ge de 14 ans<br \/>o\u00f9 il a \u00e9tudi\u00e9 et jou\u00e9 au football pour le Moura Atl\u00e9tico Clube jusqu'\u00e0 son d\u00e9part pour le Sporting.<br \/>Il a pass\u00e9 dix ans au Sporting, dont quatre dans l'\u00e9quipe premi\u00e8re, et est rest\u00e9 dans le monde du football jusqu'\u00e0 l'\u00e2ge de 35 ans. Il est actuellement partenaire de Global Pro Kick, une entreprise qui se consacre davantage aux projets de construction \u00e0 partir de z\u00e9ro et aux jardins familiaux.<\/span><\/p>\t\t\t\t\t\t\t\t<\/div>\n\t\t\t\t<\/div>\n\t\t\t\t<div class=\"elementor-element elementor-element-e079fd0 elementor-widget elementor-widget-image\" data-id=\"e079fd0\" data-element_type=\"widget\" data-e-type=\"widget\" data-widget_type=\"image.default\">\n\t\t\t\t<div class=\"elementor-widget-container\">\n\t\t\t\t\t\t\t\t\t\t\t\t\t\t\t<img fetchpriority=\"high\" decoding=\"async\" width=\"2560\" height=\"1440\" src=\"https:\/\/invest351.com\/wp-content\/uploads\/2024\/01\/miguel-garcia-2.webp\" class=\"attachment-full size-full wp-image-5440\" alt=\"\" srcset=\"https:\/\/invest351.com\/wp-content\/uploads\/2024\/01\/miguel-garcia-2.webp 2560w, https:\/\/invest351.com\/wp-content\/uploads\/2024\/01\/miguel-garcia-2-600x338.webp 600w, https:\/\/invest351.com\/wp-content\/uploads\/2024\/01\/miguel-garcia-2-300x169.webp 300w, https:\/\/invest351.com\/wp-content\/uploads\/2024\/01\/miguel-garcia-2-1024x576.webp 1024w, https:\/\/invest351.com\/wp-content\/uploads\/2024\/01\/miguel-garcia-2-768x432.webp 768w, https:\/\/invest351.com\/wp-content\/uploads\/2024\/01\/miguel-garcia-2-1536x864.webp 1536w, https:\/\/invest351.com\/wp-content\/uploads\/2024\/01\/miguel-garcia-2-2048x1152.webp 2048w, https:\/\/invest351.com\/wp-content\/uploads\/2024\/01\/miguel-garcia-2-18x10.webp 18w\" sizes=\"(max-width: 2560px) 100vw, 2560px\" \/>\t\t\t\t\t\t\t\t\t\t\t\t\t\t\t<\/div>\n\t\t\t\t<\/div>\n\t\t\t\t<div class=\"elementor-element elementor-element-48f01c9 elementor-widget elementor-widget-heading\" data-id=\"48f01c9\" data-element_type=\"widget\" data-e-type=\"widget\" data-widget_type=\"heading.default\">\n\t\t\t\t<div class=\"elementor-widget-container\">\n\t\t\t\t\t<h5 class=\"elementor-heading-title elementor-size-default\">Commen\u00e7ons par en savoir un peu plus sur l'histoire et la carri\u00e8re de Miguel Garcia : enfance, jeunesse, premiers pas vers une carri\u00e8re de footballeur professionnel, premiers r\u00eaves...<\/h5>\t\t\t\t<\/div>\n\t\t\t\t<\/div>\n\t\t\t\t<div class=\"elementor-element elementor-element-b1bf10b elementor-widget elementor-widget-text-editor\" data-id=\"b1bf10b\" data-element_type=\"widget\" data-e-type=\"widget\" data-widget_type=\"text-editor.default\">\n\t\t\t\t<div class=\"elementor-widget-container\">\n\t\t\t\t\t\t\t\t\t<p>Je suis n\u00e9 et j'ai grandi \u00e0 Moura jusqu'\u00e0 l'\u00e2ge de 14 ans, o\u00f9 j'ai \u00e9tudi\u00e9 et jou\u00e9 au football pour le Moura Atl\u00e9tico Clube jusqu'\u00e0 mon d\u00e9part pour le Sporting. J'ai pass\u00e9 dix ans au Sporting, dont quatre en \u00e9quipe premi\u00e8re. Depuis mon enfance, j'ai toujours r\u00eav\u00e9 d'\u00eatre footballeur professionnel et plus tard je voulais \u00eatre professeur d'\u00e9ducation physique, mais apr\u00e8s avoir rejoint l'\u00e9quipe premi\u00e8re, je me suis concentr\u00e9 uniquement sur le football et j'ai fait carri\u00e8re dans le monde du football jusqu'\u00e0 l'\u00e2ge de 35 ans.<\/p>\t\t\t\t\t\t\t\t<\/div>\n\t\t\t\t<\/div>\n\t\t\t\t<div class=\"elementor-element elementor-element-989cc9f elementor-widget elementor-widget-heading\" data-id=\"989cc9f\" data-element_type=\"widget\" data-e-type=\"widget\" data-widget_type=\"heading.default\">\n\t\t\t\t<div class=\"elementor-widget-container\">\n\t\t\t\t\t<h5 class=\"elementor-heading-title elementor-size-default\">Comment vous est venue l'id\u00e9e de cr\u00e9er Global Pro Kick ? Quels sont les services que vous proposez ?<\/h5>\t\t\t\t<\/div>\n\t\t\t\t<\/div>\n\t\t\t\t<div class=\"elementor-element elementor-element-2ef249b elementor-widget elementor-widget-text-editor\" data-id=\"2ef249b\" data-element_type=\"widget\" data-e-type=\"widget\" data-widget_type=\"text-editor.default\">\n\t\t\t\t<div class=\"elementor-widget-container\">\n\t\t\t\t\t\t\t\t\t<p>Global Pro Kick a vu le jour dans le but de professionnaliser ce que je faisais d\u00e9j\u00e0 de mani\u00e8re informelle. Nuno Garcia (partenaire) et moi-m\u00eame investissions d\u00e9j\u00e0 dans certains athl\u00e8tes et les aidions, nous avons donc cr\u00e9\u00e9 notre propre entreprise et notre propre marque. Nous avons commenc\u00e9 par l'achat et la revente, puis le courtage immobilier, la gestion de nos actifs et de ceux de nos clients, le courtage en cr\u00e9dit, la construction \u00e0 partir de z\u00e9ro et nous avons encore d'autres projets en t\u00eate.<\/p>\t\t\t\t\t\t\t\t<\/div>\n\t\t\t\t<\/div>\n\t\t\t\t<div class=\"elementor-element elementor-element-8285871 elementor-widget elementor-widget-heading\" data-id=\"8285871\" data-element_type=\"widget\" data-e-type=\"widget\" data-widget_type=\"heading.default\">\n\t\t\t\t<div class=\"elementor-widget-container\">\n\t\t\t\t\t<h2 class=\"elementor-heading-title elementor-size-default\">\"Les opportunit\u00e9s commerciales se multiplient, mais nous devons \u00eatre conscients des risques qui y sont associ\u00e9s.<\/h2>\t\t\t\t<\/div>\n\t\t\t\t<\/div>\n\t\t\t\t<div class=\"elementor-element elementor-element-4ec5462 elementor-widget elementor-widget-heading\" data-id=\"4ec5462\" data-element_type=\"widget\" data-e-type=\"widget\" data-widget_type=\"heading.default\">\n\t\t\t\t<div class=\"elementor-widget-container\">\n\t\t\t\t\t<h5 class=\"elementor-heading-title elementor-size-default\">Quelle est la vision de Global Pro Kick pour l'avenir et comment s'aligne-t-elle sur la mission de l'entreprise ?<\/h5>\t\t\t\t<\/div>\n\t\t\t\t<\/div>\n\t\t\t\t<div class=\"elementor-element elementor-element-879f635 elementor-widget elementor-widget-text-editor\" data-id=\"879f635\" data-element_type=\"widget\" data-e-type=\"widget\" data-widget_type=\"text-editor.default\">\n\t\t\t\t<div class=\"elementor-widget-container\">\n\t\t\t\t\t\t\t\t\t<p>La vision de GPK est de cro\u00eetre progressivement, comme elle l'a fait ces derni\u00e8res ann\u00e9es. Aujourd'hui, nous nous consacrons davantage \u00e0 des projets de construction \u00e0 partir de z\u00e9ro et \u00e0 des lotissements, en raison du manque de logements au Portugal.<\/p><p>En ce qui concerne nos clients, notre objectif est de les aider \u00e0 trouver ce qu'ils souhaitent en mati\u00e8re de propri\u00e9t\u00e9 pour leur propre logement et \u00e0 en tirer le meilleur parti lorsque nous g\u00e9rons des logements secondaires, qu'il s'agisse de locations traditionnelles ou d'h\u00e9bergements locaux.<\/p>\t\t\t\t\t\t\t\t<\/div>\n\t\t\t\t<\/div>\n\t\t\t\t<div class=\"elementor-element elementor-element-d3c8b9c elementor-widget elementor-widget-heading\" data-id=\"d3c8b9c\" data-element_type=\"widget\" data-e-type=\"widget\" data-widget_type=\"heading.default\">\n\t\t\t\t<div class=\"elementor-widget-container\">\n\t\t\t\t\t<h5 class=\"elementor-heading-title elementor-size-default\">En quoi Global Pro Kick se distingue-t-il de la concurrence par les services qu'il propose ?<\/h5>\t\t\t\t<\/div>\n\t\t\t\t<\/div>\n\t\t\t\t<div class=\"elementor-element elementor-element-6494778 elementor-widget elementor-widget-text-editor\" data-id=\"6494778\" data-element_type=\"widget\" data-e-type=\"widget\" data-widget_type=\"text-editor.default\">\n\t\t\t\t<div class=\"elementor-widget-container\">\n\t\t\t\t\t\t\t\t\t<p>GPK se distingue par le fait qu'il a \u00e9t\u00e9 le premier \u00e0 soutenir les footballeurs professionnels. J'ai ressenti cette lacune en tant que joueur, c'est pourquoi GPK propose un service de m\u00e9diation, d'interm\u00e9diation en mati\u00e8re de cr\u00e9dit et d'assurance et de gestion de patrimoine. Il y a encore peu d'entreprises au Portugal qui offrent ce service complet. Il existe des soci\u00e9t\u00e9s de m\u00e9diation et d'interm\u00e9diation de cr\u00e9dit, mais il est difficile d'en trouver une qui propose tous les services. Nos clients n'ont qu'un seul interlocuteur pour tous les services.<\/p>\t\t\t\t\t\t\t\t<\/div>\n\t\t\t\t<\/div>\n\t\t\t\t<div class=\"elementor-element elementor-element-c6eae1e elementor-widget elementor-widget-heading\" data-id=\"c6eae1e\" data-element_type=\"widget\" data-e-type=\"widget\" data-widget_type=\"heading.default\">\n\t\t\t\t<div class=\"elementor-widget-container\">\n\t\t\t\t\t<h5 class=\"elementor-heading-title elementor-size-default\">Quels sont les principaux d\u00e9fis auxquels l'entreprise est actuellement confront\u00e9e et comment y fait-elle face ?<\/h5>\t\t\t\t<\/div>\n\t\t\t\t<\/div>\n\t\t\t\t<div class=\"elementor-element elementor-element-f40257d elementor-widget elementor-widget-text-editor\" data-id=\"f40257d\" data-element_type=\"widget\" data-e-type=\"widget\" data-widget_type=\"text-editor.default\">\n\t\t\t\t<div class=\"elementor-widget-container\">\n\t\t\t\t\t\t\t\t\t<p>En raison de la hausse de l'inflation et des taux de r\u00e9f\u00e9rence de la BCE, le march\u00e9 de l'immobilier \u00e9volue. On constate aujourd'hui une l\u00e9g\u00e8re correction des prix et une diminution des transactions sur le march\u00e9. De nouvelles opportunit\u00e9s d'affaires se pr\u00e9sentent, mais vous devez \u00eatre conscient des risques associ\u00e9s, en gardant \u00e0 l'esprit ce que j'ai mentionn\u00e9 ci-dessus.<\/p>\t\t\t\t\t\t\t\t<\/div>\n\t\t\t\t<\/div>\n\t\t\t\t<div class=\"elementor-element elementor-element-ded5d7c elementor-widget elementor-widget-image\" data-id=\"ded5d7c\" data-element_type=\"widget\" data-e-type=\"widget\" data-widget_type=\"image.default\">\n\t\t\t\t<div class=\"elementor-widget-container\">\n\t\t\t\t\t\t\t\t\t\t\t\t\t\t\t<img decoding=\"async\" width=\"1024\" height=\"683\" src=\"https:\/\/invest351.com\/wp-content\/uploads\/2024\/01\/PHOTO-2023-12-15-11-46-47.jpg\" class=\"attachment-full size-full wp-image-5513\" alt=\"Entretiens sur l&#039;investissement Miguel Garcia\" srcset=\"https:\/\/invest351.com\/wp-content\/uploads\/2024\/01\/PHOTO-2023-12-15-11-46-47.jpg 1024w, https:\/\/invest351.com\/wp-content\/uploads\/2024\/01\/PHOTO-2023-12-15-11-46-47-600x400.jpg 600w, https:\/\/invest351.com\/wp-content\/uploads\/2024\/01\/PHOTO-2023-12-15-11-46-47-300x200.jpg 300w, https:\/\/invest351.com\/wp-content\/uploads\/2024\/01\/PHOTO-2023-12-15-11-46-47-768x512.jpg 768w, https:\/\/invest351.com\/wp-content\/uploads\/2024\/01\/PHOTO-2023-12-15-11-46-47-18x12.jpg 18w\" sizes=\"(max-width: 1024px) 100vw, 1024px\" \/>\t\t\t\t\t\t\t\t\t\t\t\t\t\t\t<\/div>\n\t\t\t\t<\/div>\n\t\t\t\t<div class=\"elementor-element elementor-element-f687728 elementor-widget elementor-widget-heading\" data-id=\"f687728\" data-element_type=\"widget\" data-e-type=\"widget\" data-widget_type=\"heading.default\">\n\t\t\t\t<div class=\"elementor-widget-container\">\n\t\t\t\t\t<h5 class=\"elementor-heading-title elementor-size-default\">Quelle est la priorit\u00e9 de l'entreprise en mati\u00e8re de satisfaction de la client\u00e8le et comment mesure-t-elle son succ\u00e8s \u00e0 cet \u00e9gard ?<\/h5>\t\t\t\t<\/div>\n\t\t\t\t<\/div>\n\t\t\t\t<div class=\"elementor-element elementor-element-54ee9fd elementor-widget elementor-widget-text-editor\" data-id=\"54ee9fd\" data-element_type=\"widget\" data-e-type=\"widget\" data-widget_type=\"text-editor.default\">\n\t\t\t\t<div class=\"elementor-widget-container\">\n\t\t\t\t\t\t\t\t\t<p>L'un des objectifs de GPK est de conseiller les footballeurs professionnels sur l'achat de leur propre maison et sur l'investissement dans l'immobilier \u00e0 des fins de revenus. Notre succ\u00e8s est leur succ\u00e8s et lorsqu'ils viennent nous voir plusieurs fois et passent le mot \u00e0 d'autres joueurs, cela signifie qu'ils sont satisfaits de nos services.<\/p>\t\t\t\t\t\t\t\t<\/div>\n\t\t\t\t<\/div>\n\t\t\t\t<div class=\"elementor-element elementor-element-78e2a22 elementor-widget elementor-widget-heading\" data-id=\"78e2a22\" data-element_type=\"widget\" data-e-type=\"widget\" data-widget_type=\"heading.default\">\n\t\t\t\t<div class=\"elementor-widget-container\">\n\t\t\t\t\t<h5 class=\"elementor-heading-title elementor-size-default\">Quelles sont les tendances actuelles du march\u00e9 que vous consid\u00e9rez comme des opportunit\u00e9s d'investissement ou des sujets de pr\u00e9occupation potentiels ?<\/h5>\t\t\t\t<\/div>\n\t\t\t\t<\/div>\n\t\t\t\t<div class=\"elementor-element elementor-element-921d170 elementor-widget elementor-widget-text-editor\" data-id=\"921d170\" data-element_type=\"widget\" data-e-type=\"widget\" data-widget_type=\"text-editor.default\">\n\t\t\t\t<div class=\"elementor-widget-container\">\n\t\t\t\t\t\t\t\t\t<p>En tenant compte de la loi de l'offre et de la demande, je pense que nous avons besoin de plus de logements dans notre pays, mais d'un autre c\u00f4t\u00e9, nous avons un paquet \"Plus de logements\" qui n'aide pas l'investisseur, le promoteur et les autres investisseurs \u00e9trangers. La bureaucratie et les lois qui changent constamment n'aident pas non plus. Nous allons continuer \u00e0 avoir des prix \u00e9lev\u00e9s et des loyers tr\u00e8s chers pour les ann\u00e9es \u00e0 venir.<\/p>\t\t\t\t\t\t\t\t<\/div>\n\t\t\t\t<\/div>\n\t\t\t\t<div class=\"elementor-element elementor-element-a4433b2 elementor-widget elementor-widget-heading\" data-id=\"a4433b2\" data-element_type=\"widget\" data-e-type=\"widget\" data-widget_type=\"heading.default\">\n\t\t\t\t<div class=\"elementor-widget-container\">\n\t\t\t\t\t<h5 class=\"elementor-heading-title elementor-size-default\">Quel r\u00f4le pensez-vous que la formation continue et l'apprentissage jouent dans l'optimisation de vos d\u00e9cisions d'investissement ?<\/h5>\t\t\t\t<\/div>\n\t\t\t\t<\/div>\n\t\t\t\t<div class=\"elementor-element elementor-element-be2a87d elementor-widget elementor-widget-text-editor\" data-id=\"be2a87d\" data-element_type=\"widget\" data-e-type=\"widget\" data-widget_type=\"text-editor.default\">\n\t\t\t\t<div class=\"elementor-widget-container\">\n\t\t\t\t\t\t\t\t\t<p>Comme le march\u00e9 \u00e9volue, nous devons nous adapter rapidement et prendre des d\u00e9cisions plus affirm\u00e9es et ne pas faire de plans \u00e0 long terme, mais des investissements d'une dur\u00e9e maximale de 18 mois. Nous aurons des \u00e9lections l'ann\u00e9e prochaine et je pense que cela pourrait \u00eatre positif pour le secteur de l'immobilier.<\/p>\t\t\t\t\t\t\t\t<\/div>\n\t\t\t\t<\/div>\n\t\t\t\t<div class=\"elementor-element elementor-element-3d6c1f1 elementor-widget elementor-widget-heading\" data-id=\"3d6c1f1\" data-element_type=\"widget\" data-e-type=\"widget\" data-widget_type=\"heading.default\">\n\t\t\t\t<div class=\"elementor-widget-container\">\n\t\t\t\t\t<h5 class=\"elementor-heading-title elementor-size-default\">Quels conseils donneriez-vous aux investisseurs novices qui font leurs premiers pas dans le monde de l'investissement ?<\/h5>\t\t\t\t<\/div>\n\t\t\t\t<\/div>\n\t\t\t\t<div class=\"elementor-element elementor-element-152cde5 elementor-widget elementor-widget-text-editor\" data-id=\"152cde5\" data-element_type=\"widget\" data-e-type=\"widget\" data-widget_type=\"text-editor.default\">\n\t\t\t\t<div class=\"elementor-widget-container\">\n\t\t\t\t\t\t\t\t\t<p>La chose la plus importante pour ceux qui d\u00e9butent actuellement est la formation et l'apprentissage continu, aujourd'hui il y a beaucoup d'informations gratuites sur les m\u00e9dias sociaux. Consolider les bases et aller sur le terrain pour mettre en \u0153uvre ce que vous avez appris, m\u00eame si vous faites quelques erreurs, fait partie du processus, mais l'important est de commencer le plus t\u00f4t possible. Pour cr\u00e9er et accumuler de la richesse, je recommande de faire du fix &amp; flip, et seulement plus tard d'acheter et de conserver.<\/p>\t\t\t\t\t\t\t\t<\/div>\n\t\t\t\t<\/div>\n\t\t\t\t<div class=\"elementor-element elementor-element-faa8a52 elementor-widget elementor-widget-heading\" data-id=\"faa8a52\" data-element_type=\"widget\" data-e-type=\"widget\" data-widget_type=\"heading.default\">\n\t\t\t\t<div class=\"elementor-widget-container\">\n\t\t\t\t\t<h5 class=\"elementor-heading-title elementor-size-default\">Quels sont vos projets de carri\u00e8re \u00e0 long terme ? <\/h5>\t\t\t\t<\/div>\n\t\t\t\t<\/div>\n\t\t\t\t<div class=\"elementor-element elementor-element-2e11438 elementor-widget elementor-widget-text-editor\" data-id=\"2e11438\" data-element_type=\"widget\" data-e-type=\"widget\" data-widget_type=\"text-editor.default\">\n\t\t\t\t<div class=\"elementor-widget-container\">\n\t\t\t\t\t\t\t\t\t<p>L'objectif est de cro\u00eetre de mani\u00e8re durable, d'acqu\u00e9rir de l'exp\u00e9rience \u00e0 partir de ce que nous avons fait et de prendre des risques dans le cadre de grands projets ambitieux afin d'apporter une valeur ajout\u00e9e aux besoins de la soci\u00e9t\u00e9, \u00e0 savoir la fourniture de logements de qualit\u00e9 \u00e0 des prix comp\u00e9titifs.<\/p>\t\t\t\t\t\t\t\t<\/div>\n\t\t\t\t<\/div>\n\t\t\t\t<div class=\"elementor-element elementor-element-a813407 elementor-widget elementor-widget-image\" data-id=\"a813407\" data-element_type=\"widget\" data-e-type=\"widget\" data-widget_type=\"image.default\">\n\t\t\t\t<div class=\"elementor-widget-container\">\n\t\t\t\t\t\t\t\t\t\t\t\t\t\t\t<img decoding=\"async\" width=\"2560\" height=\"1440\" src=\"https:\/\/invest351.com\/wp-content\/uploads\/2024\/01\/miguel-garcia.webp\" class=\"attachment-full size-full wp-image-5441\" alt=\"\" srcset=\"https:\/\/invest351.com\/wp-content\/uploads\/2024\/01\/miguel-garcia.webp 2560w, https:\/\/invest351.com\/wp-content\/uploads\/2024\/01\/miguel-garcia-600x338.webp 600w, https:\/\/invest351.com\/wp-content\/uploads\/2024\/01\/miguel-garcia-300x169.webp 300w, https:\/\/invest351.com\/wp-content\/uploads\/2024\/01\/miguel-garcia-1024x576.webp 1024w, https:\/\/invest351.com\/wp-content\/uploads\/2024\/01\/miguel-garcia-768x432.webp 768w, https:\/\/invest351.com\/wp-content\/uploads\/2024\/01\/miguel-garcia-1536x864.webp 1536w, https:\/\/invest351.com\/wp-content\/uploads\/2024\/01\/miguel-garcia-2048x1152.webp 2048w, https:\/\/invest351.com\/wp-content\/uploads\/2024\/01\/miguel-garcia-18x10.webp 18w\" sizes=\"(max-width: 2560px) 100vw, 2560px\" \/>\t\t\t\t\t\t\t\t\t\t\t\t\t\t\t<\/div>\n\t\t\t\t<\/div>\n\t\t\t\t<div class=\"elementor-element elementor-element-13b878c elementor-widget elementor-widget-heading\" data-id=\"13b878c\" data-element_type=\"widget\" data-e-type=\"widget\" data-widget_type=\"heading.default\">\n\t\t\t\t<div class=\"elementor-widget-container\">\n\t\t\t\t\t<h5 class=\"elementor-heading-title elementor-size-default\">Quel a \u00e9t\u00e9 le projet le plus difficile sur lequel vous avez travaill\u00e9 et pourquoi ? Souhaitez-vous nous faire part d'un aspect particulier de ce d\u00e9fi ?<\/h5>\t\t\t\t<\/div>\n\t\t\t\t<\/div>\n\t\t\t\t<div class=\"elementor-element elementor-element-75d3adb elementor-widget elementor-widget-text-editor\" data-id=\"75d3adb\" data-element_type=\"widget\" data-e-type=\"widget\" data-widget_type=\"text-editor.default\">\n\t\t\t\t<div class=\"elementor-widget-container\">\n\t\t\t\t\t\t\t\t\t<p>Le projet le plus difficile \u00e0 ce jour est la construction des villas qui sont actuellement en cours de construction. Depuis la recherche du terrain parfait, la conception architecturale sur mesure pour les clients pour lesquels nous avons con\u00e7u, le choix des mat\u00e9riaux et des d\u00e9tails qui nous semblent int\u00e9ressants et importants pour prendre la d\u00e9cision finale, jusqu'\u00e0 l'obtention d'une licence aupr\u00e8s de la mairie. Tout compte, de l'id\u00e9e initiale sur le papier \u00e0 la remise des cl\u00e9s au client final. C'est un v\u00e9ritable d\u00e9fi !<\/p>\t\t\t\t\t\t\t\t<\/div>\n\t\t\t\t<\/div>\n\t\t\t\t<div class=\"elementor-element elementor-element-95b896f elementor-widget elementor-widget-heading\" data-id=\"95b896f\" data-element_type=\"widget\" data-e-type=\"widget\" data-widget_type=\"heading.default\">\n\t\t\t\t<div class=\"elementor-widget-container\">\n\t\t\t\t\t<h5 class=\"elementor-heading-title elementor-size-default\">Vous souhaitez laisser un message aux acteurs du secteur immobilier qui lisent cette rubrique Investing Talks d'Invest 351 ?<\/h5>\t\t\t\t<\/div>\n\t\t\t\t<\/div>\n\t\t\t\t<div class=\"elementor-element elementor-element-71eed79 elementor-widget elementor-widget-text-editor\" data-id=\"71eed79\" data-element_type=\"widget\" data-e-type=\"widget\" data-widget_type=\"text-editor.default\">\n\t\t\t\t<div class=\"elementor-widget-container\">\n\t\t\t\t\t\t\t\t\t<p>Les acteurs de l'immobilier sont nombreux, l'important \u00e9tant que chacun apporte une valeur ajout\u00e9e \u00e0 son travail de mani\u00e8re professionnelle et s\u00e9rieuse. Ce n'est qu'ainsi que l'immobilier deviendra plus transparent, plus professionnel et plus attractif pour l'investissement dans notre pays.<\/p>\t\t\t\t\t\t\t\t<\/div>\n\t\t\t\t<\/div>\n\t\t\t\t\t<\/div>\n\t\t<\/div>\n\t\t\t\t\t<\/div>\n\t\t<\/section>\n\t\t\t\t<\/div>","protected":false},"excerpt":{"rendered":"<p>Miguel Garcia est n\u00e9 \u00e0 Moura, dans l'Alentejo, a \u00e9t\u00e9 footballeur professionnel jusqu'\u00e0 l'\u00e2ge de 35 ans et est aujourd'hui li\u00e9 \u00e0 Global Pro Kick !<\/p>","protected":false},"author":2,"featured_media":5513,"comment_status":"closed","ping_status":"closed","sticky":false,"template":"","format":"standard","meta":{"_joinchat":[],"footnotes":""},"categories":[17],"tags":[16],"class_list":["post-5511","post","type-post","status-publish","format-standard","has-post-thumbnail","hentry","category-investing-talks","tag-invest-talks"],"yoast_head":"<!-- This site is optimized with the Yoast SEO plugin v27.5 - https:\/\/yoast.com\/product\/yoast-seo-wordpress\/ -->\n<title>Investing Talks - Miguel Garcia<\/title>\n<meta name=\"description\" content=\"Miguel Garcia nasceu em Moura, no Alentejo, e foi jogador profissional de futebol at\u00e9 aos 35 anos, estando agora ligado \u00e0 Global Pro Kick!\" \/>\n<meta name=\"robots\" content=\"index, follow, max-snippet:-1, max-image-preview:large, max-video-preview:-1\" \/>\n<link rel=\"canonical\" href=\"https:\/\/invest351.com\/fr\/investing-talks-rui-bairrada-2\/\" \/>\n<meta property=\"og:locale\" content=\"fr_FR\" \/>\n<meta property=\"og:type\" content=\"article\" \/>\n<meta property=\"og:title\" content=\"Investing Talks - Miguel Garcia\" \/>\n<meta property=\"og:description\" content=\"Miguel Garcia nasceu em Moura, no Alentejo, e foi jogador profissional de futebol at\u00e9 aos 35 anos, estando agora ligado \u00e0 Global Pro Kick!\" \/>\n<meta property=\"og:url\" content=\"https:\/\/invest351.com\/fr\/investing-talks-rui-bairrada-2\/\" \/>\n<meta property=\"og:site_name\" content=\"Invest 351\" \/>\n<meta property=\"article:published_time\" content=\"2024-02-01T09:00:00+00:00\" \/>\n<meta property=\"article:modified_time\" content=\"2025-02-27T22:33:51+00:00\" \/>\n<meta property=\"og:image\" content=\"https:\/\/invest351.com\/wp-content\/uploads\/2023\/05\/daniel-sessler-g3O3xWspoN4-unsplash.jpg\" \/>\n\t<meta property=\"og:image:width\" content=\"2400\" \/>\n\t<meta property=\"og:image:height\" content=\"1612\" \/>\n\t<meta property=\"og:image:type\" content=\"image\/jpeg\" \/>\n<meta name=\"author\" content=\"Invest351\" \/>\n<meta name=\"twitter:card\" content=\"summary_large_image\" \/>\n<meta name=\"twitter:image\" content=\"https:\/\/invest351.com\/wp-content\/uploads\/2022\/07\/portonoite.png\" \/>\n<meta name=\"twitter:label1\" content=\"\u00c9crit par\" \/>\n\t<meta name=\"twitter:data1\" content=\"Invest351\" \/>\n\t<meta name=\"twitter:label2\" content=\"Dur\u00e9e de lecture estim\u00e9e\" \/>\n\t<meta name=\"twitter:data2\" content=\"7 minutes\" \/>\n<script type=\"application\/ld+json\" class=\"yoast-schema-graph\">{\"@context\":\"https:\\\/\\\/schema.org\",\"@graph\":[{\"@type\":[\"Article\",\"BlogPosting\"],\"@id\":\"https:\\\/\\\/invest351.com\\\/investing-talks-miguel-garcia\\\/#article\",\"isPartOf\":{\"@id\":\"https:\\\/\\\/invest351.com\\\/investing-talks-miguel-garcia\\\/\"},\"author\":{\"name\":\"Invest351\",\"@id\":\"https:\\\/\\\/invest351.com\\\/#\\\/schema\\\/person\\\/b288eee7d3da6c235476eaa34320adb8\"},\"headline\":\"Investing Talks &#8211; Miguel Garcia\",\"datePublished\":\"2024-02-01T09:00:00+00:00\",\"dateModified\":\"2025-02-27T22:33:51+00:00\",\"mainEntityOfPage\":{\"@id\":\"https:\\\/\\\/invest351.com\\\/investing-talks-miguel-garcia\\\/\"},\"wordCount\":1177,\"publisher\":{\"@id\":\"https:\\\/\\\/invest351.com\\\/#organization\"},\"image\":{\"@id\":\"https:\\\/\\\/invest351.com\\\/investing-talks-miguel-garcia\\\/#primaryimage\"},\"thumbnailUrl\":\"https:\\\/\\\/invest351.com\\\/wp-content\\\/uploads\\\/2024\\\/01\\\/PHOTO-2023-12-15-11-46-47.jpg\",\"keywords\":[\"Invest Talks\"],\"articleSection\":[\"Investing Talks\"],\"inLanguage\":\"fr-FR\"},{\"@type\":\"WebPage\",\"@id\":\"https:\\\/\\\/invest351.com\\\/investing-talks-miguel-garcia\\\/\",\"url\":\"https:\\\/\\\/invest351.com\\\/investing-talks-miguel-garcia\\\/\",\"name\":\"Investing Talks - Miguel Garcia\",\"isPartOf\":{\"@id\":\"https:\\\/\\\/invest351.com\\\/#website\"},\"primaryImageOfPage\":{\"@id\":\"https:\\\/\\\/invest351.com\\\/investing-talks-miguel-garcia\\\/#primaryimage\"},\"image\":{\"@id\":\"https:\\\/\\\/invest351.com\\\/investing-talks-miguel-garcia\\\/#primaryimage\"},\"thumbnailUrl\":\"https:\\\/\\\/invest351.com\\\/wp-content\\\/uploads\\\/2024\\\/01\\\/PHOTO-2023-12-15-11-46-47.jpg\",\"datePublished\":\"2024-02-01T09:00:00+00:00\",\"dateModified\":\"2025-02-27T22:33:51+00:00\",\"description\":\"Miguel Garcia nasceu em Moura, no Alentejo, e foi jogador profissional de futebol at\u00e9 aos 35 anos, estando agora ligado \u00e0 Global Pro Kick!\",\"breadcrumb\":{\"@id\":\"https:\\\/\\\/invest351.com\\\/investing-talks-miguel-garcia\\\/#breadcrumb\"},\"inLanguage\":\"fr-FR\",\"potentialAction\":[{\"@type\":\"ReadAction\",\"target\":[\"https:\\\/\\\/invest351.com\\\/investing-talks-miguel-garcia\\\/\"]}]},{\"@type\":\"ImageObject\",\"inLanguage\":\"fr-FR\",\"@id\":\"https:\\\/\\\/invest351.com\\\/investing-talks-miguel-garcia\\\/#primaryimage\",\"url\":\"https:\\\/\\\/invest351.com\\\/wp-content\\\/uploads\\\/2024\\\/01\\\/PHOTO-2023-12-15-11-46-47.jpg\",\"contentUrl\":\"https:\\\/\\\/invest351.com\\\/wp-content\\\/uploads\\\/2024\\\/01\\\/PHOTO-2023-12-15-11-46-47.jpg\",\"width\":1024,\"height\":683,\"caption\":\"Investing Talks Miguel Garcia\"},{\"@type\":\"BreadcrumbList\",\"@id\":\"https:\\\/\\\/invest351.com\\\/investing-talks-miguel-garcia\\\/#breadcrumb\",\"itemListElement\":[{\"@type\":\"ListItem\",\"position\":1,\"name\":\"In\u00edcio\",\"item\":\"https:\\\/\\\/invest351.com\\\/\"},{\"@type\":\"ListItem\",\"position\":2,\"name\":\"Investing Talks &#8211; Miguel Garcia\"}]},{\"@type\":\"WebSite\",\"@id\":\"https:\\\/\\\/invest351.com\\\/#website\",\"url\":\"https:\\\/\\\/invest351.com\\\/\",\"name\":\"Invest 351\",\"description\":\"Consultora especializada em investimento imobili\u00e1rio\",\"publisher\":{\"@id\":\"https:\\\/\\\/invest351.com\\\/#organization\"},\"potentialAction\":[{\"@type\":\"SearchAction\",\"target\":{\"@type\":\"EntryPoint\",\"urlTemplate\":\"https:\\\/\\\/invest351.com\\\/?s={search_term_string}\"},\"query-input\":{\"@type\":\"PropertyValueSpecification\",\"valueRequired\":true,\"valueName\":\"search_term_string\"}}],\"inLanguage\":\"fr-FR\"},{\"@type\":\"Organization\",\"@id\":\"https:\\\/\\\/invest351.com\\\/#organization\",\"name\":\"Invest 351\",\"url\":\"https:\\\/\\\/invest351.com\\\/\",\"logo\":{\"@type\":\"ImageObject\",\"inLanguage\":\"fr-FR\",\"@id\":\"https:\\\/\\\/invest351.com\\\/#\\\/schema\\\/logo\\\/image\\\/\",\"url\":\"https:\\\/\\\/invest351.com\\\/wp-content\\\/uploads\\\/2023\\\/01\\\/Invest351-black.png\",\"contentUrl\":\"https:\\\/\\\/invest351.com\\\/wp-content\\\/uploads\\\/2023\\\/01\\\/Invest351-black.png\",\"width\":1355,\"height\":265,\"caption\":\"Invest 351\"},\"image\":{\"@id\":\"https:\\\/\\\/invest351.com\\\/#\\\/schema\\\/logo\\\/image\\\/\"}},{\"@type\":\"Person\",\"@id\":\"https:\\\/\\\/invest351.com\\\/#\\\/schema\\\/person\\\/b288eee7d3da6c235476eaa34320adb8\",\"name\":\"Invest351\",\"image\":{\"@type\":\"ImageObject\",\"inLanguage\":\"fr-FR\",\"@id\":\"https:\\\/\\\/secure.gravatar.com\\\/avatar\\\/1af249abc435f72be1f3b6024783e128a63f1faf9d87408ee401ef0e6f7130fa?s=96&d=mm&r=g\",\"url\":\"https:\\\/\\\/secure.gravatar.com\\\/avatar\\\/1af249abc435f72be1f3b6024783e128a63f1faf9d87408ee401ef0e6f7130fa?s=96&d=mm&r=g\",\"contentUrl\":\"https:\\\/\\\/secure.gravatar.com\\\/avatar\\\/1af249abc435f72be1f3b6024783e128a63f1faf9d87408ee401ef0e6f7130fa?s=96&d=mm&r=g\",\"caption\":\"Invest351\"},\"url\":\"https:\\\/\\\/invest351.com\\\/fr\\\/author\\\/invest351\\\/\"}]}<\/script>\n<!-- \/ Yoast SEO plugin. -->","yoast_head_json":{"title":"Investing Talks - Miguel Garcia","description":"Miguel Garcia est n\u00e9 \u00e0 Moura, dans l'Alentejo, a \u00e9t\u00e9 footballeur professionnel jusqu'\u00e0 l'\u00e2ge de 35 ans et est aujourd'hui li\u00e9 \u00e0 Global Pro Kick !","robots":{"index":"index","follow":"follow","max-snippet":"max-snippet:-1","max-image-preview":"max-image-preview:large","max-video-preview":"max-video-preview:-1"},"canonical":"https:\/\/invest351.com\/fr\/investing-talks-rui-bairrada-2\/","og_locale":"fr_FR","og_type":"article","og_title":"Investing Talks - Miguel Garcia","og_description":"Miguel Garcia nasceu em Moura, no Alentejo, e foi jogador profissional de futebol at\u00e9 aos 35 anos, estando agora ligado \u00e0 Global Pro Kick!","og_url":"https:\/\/invest351.com\/fr\/investing-talks-rui-bairrada-2\/","og_site_name":"Invest 351","article_published_time":"2024-02-01T09:00:00+00:00","article_modified_time":"2025-02-27T22:33:51+00:00","og_image":[{"width":2400,"height":1612,"url":"https:\/\/invest351.com\/wp-content\/uploads\/2023\/05\/daniel-sessler-g3O3xWspoN4-unsplash.jpg","type":"image\/jpeg"}],"author":"Invest351","twitter_card":"summary_large_image","twitter_image":"https:\/\/invest351.com\/wp-content\/uploads\/2022\/07\/portonoite.png","twitter_misc":{"\u00c9crit par":"Invest351","Dur\u00e9e de lecture estim\u00e9e":"7 minutes"},"schema":{"@context":"https:\/\/schema.org","@graph":[{"@type":["Article","BlogPosting"],"@id":"https:\/\/invest351.com\/investing-talks-miguel-garcia\/#article","isPartOf":{"@id":"https:\/\/invest351.com\/investing-talks-miguel-garcia\/"},"author":{"name":"Invest351","@id":"https:\/\/invest351.com\/#\/schema\/person\/b288eee7d3da6c235476eaa34320adb8"},"headline":"Investing Talks &#8211; Miguel Garcia","datePublished":"2024-02-01T09:00:00+00:00","dateModified":"2025-02-27T22:33:51+00:00","mainEntityOfPage":{"@id":"https:\/\/invest351.com\/investing-talks-miguel-garcia\/"},"wordCount":1177,"publisher":{"@id":"https:\/\/invest351.com\/#organization"},"image":{"@id":"https:\/\/invest351.com\/investing-talks-miguel-garcia\/#primaryimage"},"thumbnailUrl":"https:\/\/invest351.com\/wp-content\/uploads\/2024\/01\/PHOTO-2023-12-15-11-46-47.jpg","keywords":["Invest Talks"],"articleSection":["Investing Talks"],"inLanguage":"fr-FR"},{"@type":"WebPage","@id":"https:\/\/invest351.com\/investing-talks-miguel-garcia\/","url":"https:\/\/invest351.com\/investing-talks-miguel-garcia\/","name":"Investing Talks - Miguel Garcia","isPartOf":{"@id":"https:\/\/invest351.com\/#website"},"primaryImageOfPage":{"@id":"https:\/\/invest351.com\/investing-talks-miguel-garcia\/#primaryimage"},"image":{"@id":"https:\/\/invest351.com\/investing-talks-miguel-garcia\/#primaryimage"},"thumbnailUrl":"https:\/\/invest351.com\/wp-content\/uploads\/2024\/01\/PHOTO-2023-12-15-11-46-47.jpg","datePublished":"2024-02-01T09:00:00+00:00","dateModified":"2025-02-27T22:33:51+00:00","description":"Miguel Garcia est n\u00e9 \u00e0 Moura, dans l'Alentejo, a \u00e9t\u00e9 footballeur professionnel jusqu'\u00e0 l'\u00e2ge de 35 ans et est aujourd'hui li\u00e9 \u00e0 Global Pro Kick !","breadcrumb":{"@id":"https:\/\/invest351.com\/investing-talks-miguel-garcia\/#breadcrumb"},"inLanguage":"fr-FR","potentialAction":[{"@type":"ReadAction","target":["https:\/\/invest351.com\/investing-talks-miguel-garcia\/"]}]},{"@type":"ImageObject","inLanguage":"fr-FR","@id":"https:\/\/invest351.com\/investing-talks-miguel-garcia\/#primaryimage","url":"https:\/\/invest351.com\/wp-content\/uploads\/2024\/01\/PHOTO-2023-12-15-11-46-47.jpg","contentUrl":"https:\/\/invest351.com\/wp-content\/uploads\/2024\/01\/PHOTO-2023-12-15-11-46-47.jpg","width":1024,"height":683,"caption":"Investing Talks Miguel Garcia"},{"@type":"BreadcrumbList","@id":"https:\/\/invest351.com\/investing-talks-miguel-garcia\/#breadcrumb","itemListElement":[{"@type":"ListItem","position":1,"name":"In\u00edcio","item":"https:\/\/invest351.com\/"},{"@type":"ListItem","position":2,"name":"Investing Talks &#8211; Miguel Garcia"}]},{"@type":"WebSite","@id":"https:\/\/invest351.com\/#website","url":"https:\/\/invest351.com\/","name":"Investir 351","description":"Consultant sp\u00e9cialis\u00e9 dans l'investissement immobilier","publisher":{"@id":"https:\/\/invest351.com\/#organization"},"potentialAction":[{"@type":"SearchAction","target":{"@type":"EntryPoint","urlTemplate":"https:\/\/invest351.com\/?s={search_term_string}"},"query-input":{"@type":"PropertyValueSpecification","valueRequired":true,"valueName":"search_term_string"}}],"inLanguage":"fr-FR"},{"@type":"Organization","@id":"https:\/\/invest351.com\/#organization","name":"Investir 351","url":"https:\/\/invest351.com\/","logo":{"@type":"ImageObject","inLanguage":"fr-FR","@id":"https:\/\/invest351.com\/#\/schema\/logo\/image\/","url":"https:\/\/invest351.com\/wp-content\/uploads\/2023\/01\/Invest351-black.png","contentUrl":"https:\/\/invest351.com\/wp-content\/uploads\/2023\/01\/Invest351-black.png","width":1355,"height":265,"caption":"Invest 351"},"image":{"@id":"https:\/\/invest351.com\/#\/schema\/logo\/image\/"}},{"@type":"Person","@id":"https:\/\/invest351.com\/#\/schema\/person\/b288eee7d3da6c235476eaa34320adb8","name":"Investir351","image":{"@type":"ImageObject","inLanguage":"fr-FR","@id":"https:\/\/secure.gravatar.com\/avatar\/1af249abc435f72be1f3b6024783e128a63f1faf9d87408ee401ef0e6f7130fa?s=96&d=mm&r=g","url":"https:\/\/secure.gravatar.com\/avatar\/1af249abc435f72be1f3b6024783e128a63f1faf9d87408ee401ef0e6f7130fa?s=96&d=mm&r=g","contentUrl":"https:\/\/secure.gravatar.com\/avatar\/1af249abc435f72be1f3b6024783e128a63f1faf9d87408ee401ef0e6f7130fa?s=96&d=mm&r=g","caption":"Invest351"},"url":"https:\/\/invest351.com\/fr\/author\/invest351\/"}]}},"_links":{"self":[{"href":"https:\/\/invest351.com\/fr\/wp-json\/wp\/v2\/posts\/5511","targetHints":{"allow":["GET"]}}],"collection":[{"href":"https:\/\/invest351.com\/fr\/wp-json\/wp\/v2\/posts"}],"about":[{"href":"https:\/\/invest351.com\/fr\/wp-json\/wp\/v2\/types\/post"}],"author":[{"embeddable":true,"href":"https:\/\/invest351.com\/fr\/wp-json\/wp\/v2\/users\/2"}],"replies":[{"embeddable":true,"href":"https:\/\/invest351.com\/fr\/wp-json\/wp\/v2\/comments?post=5511"}],"version-history":[{"count":8,"href":"https:\/\/invest351.com\/fr\/wp-json\/wp\/v2\/posts\/5511\/revisions"}],"predecessor-version":[{"id":7564,"href":"https:\/\/invest351.com\/fr\/wp-json\/wp\/v2\/posts\/5511\/revisions\/7564"}],"wp:featuredmedia":[{"embeddable":true,"href":"https:\/\/invest351.com\/fr\/wp-json\/wp\/v2\/media\/5513"}],"wp:attachment":[{"href":"https:\/\/invest351.com\/fr\/wp-json\/wp\/v2\/media?parent=5511"}],"wp:term":[{"taxonomy":"category","embeddable":true,"href":"https:\/\/invest351.com\/fr\/wp-json\/wp\/v2\/categories?post=5511"},{"taxonomy":"post_tag","embeddable":true,"href":"https:\/\/invest351.com\/fr\/wp-json\/wp\/v2\/tags?post=5511"}],"curies":[{"name":"wp","href":"https:\/\/api.w.org\/{rel}","templated":true}]}}