{"id":5194,"date":"2023-10-01T09:00:00","date_gmt":"2023-10-01T09:00:00","guid":{"rendered":"https:\/\/invest351.com\/?p=5194"},"modified":"2023-10-02T09:56:40","modified_gmt":"2023-10-02T09:56:40","slug":"linvestissement-parle-artur-mariano","status":"publish","type":"post","link":"https:\/\/invest351.com\/fr\/investing-talks-artur-mariano\/","title":{"rendered":"Investing Talks - Artur Mariano"},"content":{"rendered":"<div data-elementor-type=\"wp-post\" data-elementor-id=\"5194\" class=\"elementor elementor-5194\" data-elementor-post-type=\"post\">\n\t\t\t\t\t\t<section class=\"elementor-section elementor-top-section elementor-element elementor-element-5080961 elementor-section-boxed elementor-section-height-default elementor-section-height-default\" data-id=\"5080961\" data-element_type=\"section\" data-e-type=\"section\">\n\t\t\t\t\t\t<div class=\"elementor-container elementor-column-gap-no\">\n\t\t\t\t\t<div class=\"elementor-column elementor-col-100 elementor-top-column elementor-element elementor-element-8225181\" data-id=\"8225181\" data-element_type=\"column\" data-e-type=\"column\">\n\t\t\t<div class=\"elementor-widget-wrap elementor-element-populated\">\n\t\t\t\t\t\t<div class=\"elementor-element elementor-element-4d0889d elementor-widget elementor-widget-heading\" data-id=\"4d0889d\" data-element_type=\"widget\" data-e-type=\"widget\" data-widget_type=\"heading.default\">\n\t\t\t\t<div class=\"elementor-widget-container\">\n\t\t\t\t\t<h2 class=\"elementor-heading-title elementor-size-default\">Entretiens sur l'investissement\n\n<\/h2>\t\t\t\t<\/div>\n\t\t\t\t<\/div>\n\t\t\t\t<div class=\"elementor-element elementor-element-2dd8a77 elementor-widget elementor-widget-heading\" data-id=\"2dd8a77\" data-element_type=\"widget\" data-e-type=\"widget\" data-widget_type=\"heading.default\">\n\t\t\t\t<div class=\"elementor-widget-container\">\n\t\t\t\t\t<h2 class=\"elementor-heading-title elementor-size-default\">Nom : Artur Mariano <br><br>\n\u00c2ge : 34 ans<br><br>\nPays de naissance : Portugal<br><br>\nVille de r\u00e9sidence : Guarda<br>\n\n<\/h2>\t\t\t\t<\/div>\n\t\t\t\t<\/div>\n\t\t\t\t<div class=\"elementor-element elementor-element-faf9a1b elementor-hidden-desktop elementor-hidden-tablet elementor-hidden-mobile elementor-widget elementor-widget-text-editor\" data-id=\"faf9a1b\" data-element_type=\"widget\" data-e-type=\"widget\" data-widget_type=\"text-editor.default\">\n\t\t\t\t<div class=\"elementor-widget-container\">\n\t\t\t\t\t\t\t\t\t<p><strong>Note biographique :<\/strong><\/p>\t\t\t\t\t\t\t\t<\/div>\n\t\t\t\t<\/div>\n\t\t\t\t<div class=\"elementor-element elementor-element-e079fd0 elementor-widget elementor-widget-image\" data-id=\"e079fd0\" data-element_type=\"widget\" data-e-type=\"widget\" data-widget_type=\"image.default\">\n\t\t\t\t<div class=\"elementor-widget-container\">\n\t\t\t\t\t\t\t\t\t\t\t\t\t\t\t<img fetchpriority=\"high\" decoding=\"async\" width=\"1280\" height=\"1924\" src=\"https:\/\/invest351.com\/wp-content\/uploads\/2023\/09\/Artur-Mariano-2.webp\" class=\"attachment-full size-full wp-image-5205\" alt=\"\" srcset=\"https:\/\/invest351.com\/wp-content\/uploads\/2023\/09\/Artur-Mariano-2.webp 1280w, https:\/\/invest351.com\/wp-content\/uploads\/2023\/09\/Artur-Mariano-2-600x902.webp 600w, https:\/\/invest351.com\/wp-content\/uploads\/2023\/09\/Artur-Mariano-2-200x300.webp 200w, https:\/\/invest351.com\/wp-content\/uploads\/2023\/09\/Artur-Mariano-2-681x1024.webp 681w, https:\/\/invest351.com\/wp-content\/uploads\/2023\/09\/Artur-Mariano-2-768x1154.webp 768w, https:\/\/invest351.com\/wp-content\/uploads\/2023\/09\/Artur-Mariano-2-1022x1536.webp 1022w, https:\/\/invest351.com\/wp-content\/uploads\/2023\/09\/Artur-Mariano-2-8x12.webp 8w\" sizes=\"(max-width: 1280px) 100vw, 1280px\" \/>\t\t\t\t\t\t\t\t\t\t\t\t\t\t\t<\/div>\n\t\t\t\t<\/div>\n\t\t\t\t<div class=\"elementor-element elementor-element-48f01c9 elementor-widget elementor-widget-heading\" data-id=\"48f01c9\" data-element_type=\"widget\" data-e-type=\"widget\" data-widget_type=\"heading.default\">\n\t\t\t\t<div class=\"elementor-widget-container\">\n\t\t\t\t\t<h5 class=\"elementor-heading-title elementor-size-default\">Commen\u00e7ons par en savoir un peu plus sur l'histoire et le parcours d'Artur Mariano : enfance, jeunesse, premiers pas dans sa carri\u00e8re professionnelle, premiers r\u00eaves...<\/h5>\t\t\t\t<\/div>\n\t\t\t\t<\/div>\n\t\t\t\t<div class=\"elementor-element elementor-element-b1bf10b elementor-widget elementor-widget-text-editor\" data-id=\"b1bf10b\" data-element_type=\"widget\" data-e-type=\"widget\" data-widget_type=\"text-editor.default\">\n\t\t\t\t<div class=\"elementor-widget-container\">\n\t\t\t\t\t\t\t\t\t<p>J'ai toujours \u00e9t\u00e9 attir\u00e9 par l'\u00e9chelle et la cr\u00e9ation de valeur. L'un des grands changements dans ma vie s'est produit lorsque j'ai lu une interview de Sousa Cintra, qui racontait sa vie au Br\u00e9sil et son d\u00e9sir de fonder une banque.<\/p><p>\u00c0 l'\u00e2ge de 15 ans, je n\u00e9gociais d\u00e9j\u00e0 des FPI \u00e0 partir d'un ordinateur \u00e0 Guarda, dans ma chambre. \u00c0 l'\u00e9poque, je connaissais des villes comme San Francisco ou Boston par quartier, m\u00eame si je n'y \u00e9tais jamais all\u00e9. Les forums de l'\u00e9poque \u00e9taient extr\u00eamement riches, tout le monde enseignait tout sans limite, mais cela n'existait qu'aux \u00c9tats-Unis.<\/p><p>Lorsque je suis entr\u00e9 \u00e0 l'universit\u00e9 de Minho (pour \u00e9tudier l'informatique), mon int\u00e9r\u00eat pour l'investissement s'est estomp\u00e9, mais je l'ai repris juste avant mon doctorat. Et apr\u00e8s mon doctorat, avec des offres \u00e0 six chiffres pour continuer dans l'enseignement et la science, j'ai d\u00e9cid\u00e9 de suivre mon r\u00eave et de me concentrer sur mon entreprise immobili\u00e8re.<\/p>\t\t\t\t\t\t\t\t<\/div>\n\t\t\t\t<\/div>\n\t\t\t\t<div class=\"elementor-element elementor-element-989cc9f elementor-widget elementor-widget-heading\" data-id=\"989cc9f\" data-element_type=\"widget\" data-e-type=\"widget\" data-widget_type=\"heading.default\">\n\t\t\t\t<div class=\"elementor-widget-container\">\n\t\t\t\t\t<h5 class=\"elementor-heading-title elementor-size-default\">Comment Artur Mariano a-t-il commenc\u00e9 sa carri\u00e8re dans le secteur immobilier ? Quels ont \u00e9t\u00e9 ses premiers pas dans ce domaine ?<\/h5>\t\t\t\t<\/div>\n\t\t\t\t<\/div>\n\t\t\t\t<div class=\"elementor-element elementor-element-2ef249b elementor-widget elementor-widget-text-editor\" data-id=\"2ef249b\" data-element_type=\"widget\" data-e-type=\"widget\" data-widget_type=\"text-editor.default\">\n\t\t\t\t<div class=\"elementor-widget-container\">\n\t\t\t\t\t\t\t\t\t<p>Ma famille n'a aucun lien avec le secteur. Lorsque j'ai commenc\u00e9 \u00e0 investir dans des actions, puis dans des fonds de placement immobilier, je savais d\u00e9j\u00e0 que je voulais investir dans des biens physiques, pour le facteur \"tangibilit\u00e9\". Mais je ne savais pas qu'il y avait un int\u00e9r\u00eat financier \u00e0 le faire. \u00c0 un moment donn\u00e9, je l'ai d\u00e9couvert : l'effet de levier. Dans l'immobilier, c'est possible, bon march\u00e9 et naturel, dans d'autres actifs, ce n'est pas le cas.<\/p>\t\t\t\t\t\t\t\t<\/div>\n\t\t\t\t<\/div>\n\t\t\t\t<div class=\"elementor-element elementor-element-8285871 elementor-widget elementor-widget-heading\" data-id=\"8285871\" data-element_type=\"widget\" data-e-type=\"widget\" data-widget_type=\"heading.default\">\n\t\t\t\t<div class=\"elementor-widget-container\">\n\t\t\t\t\t<h2 class=\"elementor-heading-title elementor-size-default\">\"Le march\u00e9 de l'immobilier offre toujours des opportunit\u00e9s d'investissement.<\/h2>\t\t\t\t<\/div>\n\t\t\t\t<\/div>\n\t\t\t\t<div class=\"elementor-element elementor-element-4ec5462 elementor-widget elementor-widget-heading\" data-id=\"4ec5462\" data-element_type=\"widget\" data-e-type=\"widget\" data-widget_type=\"heading.default\">\n\t\t\t\t<div class=\"elementor-widget-container\">\n\t\t\t\t\t<h5 class=\"elementor-heading-title elementor-size-default\">Quelles difficult\u00e9s avez-vous rencontr\u00e9es au d\u00e9but de votre carri\u00e8re d'investisseur immobilier et comment les avez-vous surmont\u00e9es ?<\/h5>\t\t\t\t<\/div>\n\t\t\t\t<\/div>\n\t\t\t\t<div class=\"elementor-element elementor-element-879f635 elementor-widget elementor-widget-text-editor\" data-id=\"879f635\" data-element_type=\"widget\" data-e-type=\"widget\" data-widget_type=\"text-editor.default\">\n\t\t\t\t<div class=\"elementor-widget-container\">\n\t\t\t\t\t\t\t\t\tCela peut sembler inintelligent, mais c'est la r\u00e9ponse honn\u00eate : trop peu de capital. Non pas pour des raisons \u00e9videntes, mais parce que lorsque j'ai commenc\u00e9, j'ai rapidement trouv\u00e9 plusieurs opportunit\u00e9s valant jusqu'\u00e0 30% par an, brut. Nous vivions les cons\u00e9quences de la crise des subprimes. Si j'avais pu utiliser davantage l'effet de levier, je serais aujourd'hui \u00e0 un niveau que je n'atteindrai probablement pas avant 4 ou 5 ans.\t\t\t\t\t\t\t\t<\/div>\n\t\t\t\t<\/div>\n\t\t\t\t<div class=\"elementor-element elementor-element-d3c8b9c elementor-widget elementor-widget-heading\" data-id=\"d3c8b9c\" data-element_type=\"widget\" data-e-type=\"widget\" data-widget_type=\"heading.default\">\n\t\t\t\t<div class=\"elementor-widget-container\">\n\t\t\t\t\t<h5 class=\"elementor-heading-title elementor-size-default\">Au cours de votre carri\u00e8re, quels types de biens ont \u00e9t\u00e9 les plus rentables pour vous et pourquoi ?<\/h5>\t\t\t\t<\/div>\n\t\t\t\t<\/div>\n\t\t\t\t<div class=\"elementor-element elementor-element-6494778 elementor-widget elementor-widget-text-editor\" data-id=\"6494778\" data-element_type=\"widget\" data-e-type=\"widget\" data-widget_type=\"text-editor.default\">\n\t\t\t\t<div class=\"elementor-widget-container\">\n\t\t\t\t\t\t\t\t\tLa revente d'un bien immobilier. La raison en est que la n\u00e9cessit\u00e9 d'ajouter de la valeur \u00e0 l'entreprise n'est pas proportionnelle au prix de revente final.\n\n\t\t\t\t\t\t\t\t<\/div>\n\t\t\t\t<\/div>\n\t\t\t\t<div class=\"elementor-element elementor-element-c6eae1e elementor-widget elementor-widget-heading\" data-id=\"c6eae1e\" data-element_type=\"widget\" data-e-type=\"widget\" data-widget_type=\"heading.default\">\n\t\t\t\t<div class=\"elementor-widget-container\">\n\t\t\t\t\t<h5 class=\"elementor-heading-title elementor-size-default\">Comment g\u00e9rez-vous les risques lorsque vous investissez dans l'immobilier ? Quelles strat\u00e9gies Artur Mariano utilise-t-il pour att\u00e9nuer les probl\u00e8mes potentiels ?\n<\/h5>\t\t\t\t<\/div>\n\t\t\t\t<\/div>\n\t\t\t\t<div class=\"elementor-element elementor-element-f40257d elementor-widget elementor-widget-text-editor\" data-id=\"f40257d\" data-element_type=\"widget\" data-e-type=\"widget\" data-widget_type=\"text-editor.default\">\n\t\t\t\t<div class=\"elementor-widget-container\">\n\t\t\t\t\t\t\t\t\tAu fil des ann\u00e9es, j'ai mis en place un processus de due diligence qui finit par \" couvrir \" la plupart des risques. Qu'il s'agisse d'une validation compl\u00e8te du march\u00e9 en vue de la location ou de la revente du bien, d'une inspection pr\u00e9alable du bien ou de l'obtention de devis de travaux (s'il s'agit de mon entreprise de construction, le cahier des charges est boucl\u00e9) toujours avant l'achat. Bien entendu, au fil des ann\u00e9es, le fait de disposer d'une \u00e9quipe pour g\u00e9rer les diff\u00e9rentes \u00e9tapes du processus a permis d'atteindre la bonne \u00e9chelle. Par exemple, pendant de nombreuses ann\u00e9es, j'ai analys\u00e9 tous les documents pour toutes les propri\u00e9t\u00e9s que j'achetais, aujourd'hui c'est le service juridique de mes entreprises qui s'en charge.\t\t\t\t\t\t\t\t<\/div>\n\t\t\t\t<\/div>\n\t\t\t\t<div class=\"elementor-element elementor-element-f687728 elementor-widget elementor-widget-heading\" data-id=\"f687728\" data-element_type=\"widget\" data-e-type=\"widget\" data-widget_type=\"heading.default\">\n\t\t\t\t<div class=\"elementor-widget-container\">\n\t\t\t\t\t<h5 class=\"elementor-heading-title elementor-size-default\">Au cours de votre carri\u00e8re, vous est-il arriv\u00e9 d'avoir un investissement immobilier qui n'a pas fonctionn\u00e9 ? Qu'avez-vous appris de cette exp\u00e9rience ?<\/h5>\t\t\t\t<\/div>\n\t\t\t\t<\/div>\n\t\t\t\t<div class=\"elementor-element elementor-element-54ee9fd elementor-widget elementor-widget-text-editor\" data-id=\"54ee9fd\" data-element_type=\"widget\" data-e-type=\"widget\" data-widget_type=\"text-editor.default\">\n\t\t\t\t<div class=\"elementor-widget-container\">\n\t\t\t\t\t\t\t\t\t<p>Oui, bien s\u00fbr.<\/p><p>J'ai appris que les processus que j'avais n'\u00e9taient pas assez m\u00fbrs, qu'on ne peut pas faire confiance aveugl\u00e9ment aux gens et qu'en fin de compte, notre intuition fonctionne mieux que des algorithmes complexes.<\/p>\t\t\t\t\t\t\t\t<\/div>\n\t\t\t\t<\/div>\n\t\t\t\t<div class=\"elementor-element elementor-element-78e2a22 elementor-widget elementor-widget-heading\" data-id=\"78e2a22\" data-element_type=\"widget\" data-e-type=\"widget\" data-widget_type=\"heading.default\">\n\t\t\t\t<div class=\"elementor-widget-container\">\n\t\t\t\t\t<h5 class=\"elementor-heading-title elementor-size-default\">Comment Artur Mariano \u00e9value-t-il le march\u00e9 immobilier actuel ? Y a-t-il des secteurs ou des r\u00e9gions sp\u00e9cifiques o\u00f9 il voit davantage d'opportunit\u00e9s ?<\/h5>\t\t\t\t<\/div>\n\t\t\t\t<\/div>\n\t\t\t\t<div class=\"elementor-element elementor-element-921d170 elementor-widget elementor-widget-text-editor\" data-id=\"921d170\" data-element_type=\"widget\" data-e-type=\"widget\" data-widget_type=\"text-editor.default\">\n\t\t\t\t<div class=\"elementor-widget-container\">\n\t\t\t\t\t\t\t\t\t<p>Le march\u00e9 dans son ensemble est sur\u00e9valu\u00e9 au moment de la r\u00e9daction de cette r\u00e9ponse. A mon avis, les deux raisons en sont le manque de stock et l'augmentation de la capacit\u00e9 d'achat au cours des derni\u00e8res ann\u00e9es (par le biais du cr\u00e9dit ou autre).<\/p><p>Pourtant, les opportunit\u00e9s sont nombreuses aujourd'hui. Le march\u00e9 de l'immobilier offre toujours des opportunit\u00e9s d'investissement. Qu'il s'agisse du large \u00e9ventail d'acheteurs potentiels - comme c'est le cas aujourd'hui - pour le bon produit, ou de l'achat \u00e0 des prix bien inf\u00e9rieurs aux valeurs intrins\u00e8ques, comme nous l'avons connu il y a 10 ans.<\/p><p>\u00c0 l'avenir, je pense que le secteur de la logistique a une grande marge de progression et j'ai essay\u00e9 de renforcer ce secteur dans mon portefeuille.<\/p>\t\t\t\t\t\t\t\t<\/div>\n\t\t\t\t<\/div>\n\t\t\t\t<div class=\"elementor-element elementor-element-a4433b2 elementor-widget elementor-widget-heading\" data-id=\"a4433b2\" data-element_type=\"widget\" data-e-type=\"widget\" data-widget_type=\"heading.default\">\n\t\t\t\t<div class=\"elementor-widget-container\">\n\t\t\t\t\t<h5 class=\"elementor-heading-title elementor-size-default\"> Quelles sont les tendances ou les changements que vous observez actuellement dans le secteur de l'immobilier et comment pourraient-ils influencer vos futurs investissements ?<\/h5>\t\t\t\t<\/div>\n\t\t\t\t<\/div>\n\t\t\t\t<div class=\"elementor-element elementor-element-be2a87d elementor-widget elementor-widget-text-editor\" data-id=\"be2a87d\" data-element_type=\"widget\" data-e-type=\"widget\" data-widget_type=\"text-editor.default\">\n\t\t\t\t<div class=\"elementor-widget-container\">\n\t\t\t\t\t\t\t\t\t<p>Au Portugal ou dans le monde ?<\/p><p>Dans de nombreux pays, nous constatons que le secteur \"commercial\", en particulier dans les bureaux, se r\u00e9duit rapidement. Le t\u00e9l\u00e9travail et le nouveau mod\u00e8le d'entreprise <em>big tech<\/em> l'ont fait.<\/p><p>Dans le secteur r\u00e9sidentiel, la hausse des taux d'int\u00e9r\u00eat ne semble pas (encore) avoir conditionn\u00e9 le march\u00e9 de mani\u00e8re tr\u00e8s importante.<\/p><p>Dans le secteur de la logistique et de l'industrie, je pense que l'augmentation des <em>commerce \u00e9lectronique<\/em> L'absence de g\u00e9n\u00e9raliste dans notre pays offrira des opportunit\u00e9s aux investisseurs plus audacieux qui n'accordent pas autant d'importance \u00e0 la satisfaction instantan\u00e9e.<\/p>\t\t\t\t\t\t\t\t<\/div>\n\t\t\t\t<\/div>\n\t\t\t\t<div class=\"elementor-element elementor-element-3d6c1f1 elementor-widget elementor-widget-heading\" data-id=\"3d6c1f1\" data-element_type=\"widget\" data-e-type=\"widget\" data-widget_type=\"heading.default\">\n\t\t\t\t<div class=\"elementor-widget-container\">\n\t\t\t\t\t<h5 class=\"elementor-heading-title elementor-size-default\">Comment avez-vous affin\u00e9 au fil du temps vos comp\u00e9tences en mati\u00e8re de n\u00e9gociation et de prise de d\u00e9cision dans le secteur de l'immobilier ?<\/h5>\t\t\t\t<\/div>\n\t\t\t\t<\/div>\n\t\t\t\t<div class=\"elementor-element elementor-element-152cde5 elementor-widget elementor-widget-text-editor\" data-id=\"152cde5\" data-element_type=\"widget\" data-e-type=\"widget\" data-widget_type=\"text-editor.default\">\n\t\t\t\t<div class=\"elementor-widget-container\">\n\t\t\t\t\t\t\t\t\t<p>Je pense que j'ai toujours eu la capacit\u00e9 de n\u00e9gocier, et aussi \u00e9trange que cela puisse para\u00eetre, aujourd'hui ce n'est pas mieux qu'avant - c'est peut-\u00eatre m\u00eame pire. En effet, si j'avais l'habitude d'avoir un objectif de 20% pour un accord, je ne le ferais pas pour 19%. J'\u00e9tais un chien qui ne l\u00e2chait pas l'os et si l'os \u00e9tait plus mince que ce que je voulais, je cherchais un autre os.<\/p><p>Aujourd'hui (\u00e9galement en raison du manque de produits), ma n\u00e9gociation est plus r\u00e9fl\u00e9chie, plus m\u00fbre et plus souple. Mais ce que je perds en \"marge f\u00e9roce\", je le gagne en processus.<\/p>\t\t\t\t\t\t\t\t<\/div>\n\t\t\t\t<\/div>\n\t\t\t\t<div class=\"elementor-element elementor-element-faa8a52 elementor-widget elementor-widget-heading\" data-id=\"faa8a52\" data-element_type=\"widget\" data-e-type=\"widget\" data-widget_type=\"heading.default\">\n\t\t\t\t<div class=\"elementor-widget-container\">\n\t\t\t\t\t<h5 class=\"elementor-heading-title elementor-size-default\">Selon vous, quel a \u00e9t\u00e9 l'investissement immobilier le plus gratifiant que vous ayez jamais r\u00e9alis\u00e9 et pourquoi ?<\/h5>\t\t\t\t<\/div>\n\t\t\t\t<\/div>\n\t\t\t\t<div class=\"elementor-element elementor-element-2e11438 elementor-widget elementor-widget-text-editor\" data-id=\"2e11438\" data-element_type=\"widget\" data-e-type=\"widget\" data-widget_type=\"text-editor.default\">\n\t\t\t\t<div class=\"elementor-widget-container\">\n\t\t\t\t\t\t\t\t\tLa revente d'un bien en quelques semaines avec un b\u00e9n\u00e9fice infini (car financ\u00e9 par 100%), ce qui m'a permis de r\u00e9aliser un b\u00e9n\u00e9fice \u00e0 6 chiffres dans ce laps de temps. Ce n'est peut-\u00eatre pas l'une des cinq meilleures affaires que j'ai r\u00e9alis\u00e9es, mais c'est celle qui m'a le plus marqu\u00e9.\n\t\t\t\t\t\t\t\t<\/div>\n\t\t\t\t<\/div>\n\t\t\t\t<div class=\"elementor-element elementor-element-f2f5b07 elementor-widget elementor-widget-image\" data-id=\"f2f5b07\" data-element_type=\"widget\" data-e-type=\"widget\" data-widget_type=\"image.default\">\n\t\t\t\t<div class=\"elementor-widget-container\">\n\t\t\t\t\t\t\t\t\t\t\t\t\t\t\t<img decoding=\"async\" width=\"1920\" height=\"1280\" src=\"https:\/\/invest351.com\/wp-content\/uploads\/2023\/09\/Artur-Mariano.webp\" class=\"attachment-full size-full wp-image-5198\" alt=\"\" srcset=\"https:\/\/invest351.com\/wp-content\/uploads\/2023\/09\/Artur-Mariano.webp 1920w, https:\/\/invest351.com\/wp-content\/uploads\/2023\/09\/Artur-Mariano-600x400.webp 600w, https:\/\/invest351.com\/wp-content\/uploads\/2023\/09\/Artur-Mariano-300x200.webp 300w, https:\/\/invest351.com\/wp-content\/uploads\/2023\/09\/Artur-Mariano-1024x683.webp 1024w, https:\/\/invest351.com\/wp-content\/uploads\/2023\/09\/Artur-Mariano-768x512.webp 768w, https:\/\/invest351.com\/wp-content\/uploads\/2023\/09\/Artur-Mariano-1536x1024.webp 1536w, https:\/\/invest351.com\/wp-content\/uploads\/2023\/09\/Artur-Mariano-18x12.webp 18w\" sizes=\"(max-width: 1920px) 100vw, 1920px\" \/>\t\t\t\t\t\t\t\t\t\t\t\t\t\t\t<\/div>\n\t\t\t\t<\/div>\n\t\t\t\t<div class=\"elementor-element elementor-element-13b878c elementor-widget elementor-widget-heading\" data-id=\"13b878c\" data-element_type=\"widget\" data-e-type=\"widget\" data-widget_type=\"heading.default\">\n\t\t\t\t<div class=\"elementor-widget-container\">\n\t\t\t\t\t<h5 class=\"elementor-heading-title elementor-size-default\">Participez-vous activement \u00e0 la gestion de votre entreprise ou pr\u00e9f\u00e9rez-vous d\u00e9l\u00e9guer cette responsabilit\u00e9 ? Pourquoi ? Quelles sont les proc\u00e9dures que vous ne d\u00e9l\u00e9guez jamais et pourquoi ?<\/h5>\t\t\t\t<\/div>\n\t\t\t\t<\/div>\n\t\t\t\t<div class=\"elementor-element elementor-element-75d3adb elementor-widget elementor-widget-text-editor\" data-id=\"75d3adb\" data-element_type=\"widget\" data-e-type=\"widget\" data-widget_type=\"text-editor.default\">\n\t\t\t\t<div class=\"elementor-widget-container\">\n\t\t\t\t\t\t\t\t\t<p>Ce n'est pas une question de pr\u00e9f\u00e9rence, mais de n\u00e9cessit\u00e9. Il m'est impossible de m'impliquer dans mon entreprise tout au long du processus de s\u00e9lection des biens, par manque de temps.<\/p><p>Heureusement, j'ai une \u00e9quipe pluridisciplinaire et comp\u00e9tente qui me permet de le faire ; il y a beaucoup de biens que j'ai achet\u00e9s et revendus sans jamais m'en approcher, et j'oserais dire que je n'ai jamais saisi plus de 70% ou 80% des biens de notre portefeuille locatif. Et \u00e0 l'avenir, cela ne fera qu'augmenter.<\/p>\t\t\t\t\t\t\t\t<\/div>\n\t\t\t\t<\/div>\n\t\t\t\t<div class=\"elementor-element elementor-element-95b896f elementor-widget elementor-widget-heading\" data-id=\"95b896f\" data-element_type=\"widget\" data-e-type=\"widget\" data-widget_type=\"heading.default\">\n\t\t\t\t<div class=\"elementor-widget-container\">\n\t\t\t\t\t<h5 class=\"elementor-heading-title elementor-size-default\">La formation est tr\u00e8s importante pour vous. La formation a-t-elle d\u00e9pass\u00e9 l'investissement immobilier dans votre entreprise ?<\/h5>\t\t\t\t<\/div>\n\t\t\t\t<\/div>\n\t\t\t\t<div class=\"elementor-element elementor-element-71eed79 elementor-widget elementor-widget-text-editor\" data-id=\"71eed79\" data-element_type=\"widget\" data-e-type=\"widget\" data-widget_type=\"text-editor.default\">\n\t\t\t\t<div class=\"elementor-widget-container\">\n\t\t\t\t\t\t\t\t\tNon, je ne pense m\u00eame pas que ce soit possible. La formation est un march\u00e9 exponentiellement plus petit que le march\u00e9 de l'immobilier, qui, \u00e0 tout le moins, peut \u00eatre consid\u00e9r\u00e9 comme non plafonn\u00e9. Pour vous donner une id\u00e9e, une entreprise immobili\u00e8re peut facilement d\u00e9passer le chiffre d'affaires annuel de notre entreprise de formation.\t\t\t\t\t\t\t\t<\/div>\n\t\t\t\t<\/div>\n\t\t\t\t<div class=\"elementor-element elementor-element-8197cef elementor-widget elementor-widget-heading\" data-id=\"8197cef\" data-element_type=\"widget\" data-e-type=\"widget\" data-widget_type=\"heading.default\">\n\t\t\t\t<div class=\"elementor-widget-container\">\n\t\t\t\t\t<h5 class=\"elementor-heading-title elementor-size-default\">Quelles sont vos attentes et vos pr\u00e9visions pour le march\u00e9 de l'immobilier au Portugal au cours des prochaines ann\u00e9es ? Vous attendez-vous \u00e0 un ralentissement de la demande d'immobilier d'investissement ou ne voyez-vous pas les choses de cette mani\u00e8re ? Qu'en est-il du march\u00e9 de la location ? Pensez-vous que le paquet \"Mais Habita\u00e7\u00e3o\" (Plus de logements) r\u00e9cemment approuv\u00e9 par le Parlement produira des r\u00e9sultats \u00e0 court, moyen et long terme ?<\/h5>\t\t\t\t<\/div>\n\t\t\t\t<\/div>\n\t\t\t\t<div class=\"elementor-element elementor-element-ff908a2 elementor-widget elementor-widget-text-editor\" data-id=\"ff908a2\" data-element_type=\"widget\" data-e-type=\"widget\" data-widget_type=\"text-editor.default\">\n\t\t\t\t<div class=\"elementor-widget-container\">\n\t\t\t\t\t\t\t\t\t<p>Il est difficile de faire des pr\u00e9visions \u00e0 d\u00e9couvert.<\/p><p>Le ralentissement doit \u00eatre une r\u00e9alit\u00e9, sinon tout ce que nous savons de la th\u00e9orie des march\u00e9s serait faux. La hausse des taux d'int\u00e9r\u00eat et le d\u00e9clin de l'\u00e9conomie ralentiront in\u00e9vitablement la demande.<\/p><p>Je pense que la location sera de plus en plus demand\u00e9e, notamment en raison du d\u00e9clin naturel de l'achat que la mondialisation \u00e9conomique et financi\u00e8re imposera.<\/p><p>Quant au paquet Mais Habita\u00e7\u00e3o, je pense qu'il s'agit d'un pot de mousse qui n'aura que peu (voire pas) d'impact sur le march\u00e9.<\/p>\t\t\t\t\t\t\t\t<\/div>\n\t\t\t\t<\/div>\n\t\t\t\t<div class=\"elementor-element elementor-element-bb7bbff elementor-widget elementor-widget-heading\" data-id=\"bb7bbff\" data-element_type=\"widget\" data-e-type=\"widget\" data-widget_type=\"heading.default\">\n\t\t\t\t<div class=\"elementor-widget-container\">\n\t\t\t\t\t<h5 class=\"elementor-heading-title elementor-size-default\">Quels sont les principaux indicateurs de performance qu'Artur Mariano analyse pour \u00e9valuer la sant\u00e9 du march\u00e9 immobilier ?<\/h5>\t\t\t\t<\/div>\n\t\t\t\t<\/div>\n\t\t\t\t<div class=\"elementor-element elementor-element-1553e9c elementor-widget elementor-widget-text-editor\" data-id=\"1553e9c\" data-element_type=\"widget\" data-e-type=\"widget\" data-widget_type=\"text-editor.default\">\n\t\t\t\t<div class=\"elementor-widget-container\">\n\t\t\t\t\t\t\t\t\t<p>En bref : le taux d'effort des m\u00e9nages sur les pr\u00eats, le logement et l'appr\u00e9ciation des revenus par rapport \u00e0 l'appr\u00e9ciation de l'immobilier.<\/p>\t\t\t\t\t\t\t\t<\/div>\n\t\t\t\t<\/div>\n\t\t\t\t<div class=\"elementor-element elementor-element-9e30a51 elementor-widget elementor-widget-heading\" data-id=\"9e30a51\" data-element_type=\"widget\" data-e-type=\"widget\" data-widget_type=\"heading.default\">\n\t\t\t\t<div class=\"elementor-widget-container\">\n\t\t\t\t\t<h5 class=\"elementor-heading-title elementor-size-default\">Quels sont les projets d'Artur Mariano pour \u00e9tendre ses services ou explorer de nouvelles opportunit\u00e9s sur le march\u00e9 ?<\/h5>\t\t\t\t<\/div>\n\t\t\t\t<\/div>\n\t\t\t\t<div class=\"elementor-element elementor-element-18eb450 elementor-widget elementor-widget-text-editor\" data-id=\"18eb450\" data-element_type=\"widget\" data-e-type=\"widget\" data-widget_type=\"text-editor.default\">\n\t\t\t\t<div class=\"elementor-widget-container\">\n\t\t\t\t\t\t\t\t\t<p>Mon plan est de d\u00e9velopper notre fonds pour lever des capitaux en bourse et \u00eatre r\u00e9glement\u00e9. Mais cela ne veut pas dire que nous le ferons quand nous le pourrons. Pour cela, nous devons avoir un chiffre d'affaires annuel de plus de 25 millions d'euros et des actifs de pas moins de 100 millions. Et surtout, nous devons disposer d'un <em>conseil<\/em> et un fonctionnement (que je consid\u00e8re comme des personnes + des processus) qui est beaucoup mieux r\u00e9gl\u00e9 et huil\u00e9. Et c'est <em>cible,<\/em> ce qui ne signifie pas que l'atteinte de la <em>cible<\/em>Mettons en \u0153uvre tout ce qu'il nous permet de faire.<\/p>\t\t\t\t\t\t\t\t<\/div>\n\t\t\t\t<\/div>\n\t\t\t\t<div class=\"elementor-element elementor-element-ded5d7c elementor-widget elementor-widget-image\" data-id=\"ded5d7c\" data-element_type=\"widget\" data-e-type=\"widget\" data-widget_type=\"image.default\">\n\t\t\t\t<div class=\"elementor-widget-container\">\n\t\t\t\t\t\t\t\t\t\t\t\t\t\t\t<img decoding=\"async\" width=\"1277\" height=\"1920\" src=\"https:\/\/invest351.com\/wp-content\/uploads\/2023\/09\/Artur-Mariano-1.webp\" class=\"attachment-full size-full wp-image-5209\" alt=\"\" srcset=\"https:\/\/invest351.com\/wp-content\/uploads\/2023\/09\/Artur-Mariano-1.webp 1277w, https:\/\/invest351.com\/wp-content\/uploads\/2023\/09\/Artur-Mariano-1-600x902.webp 600w, https:\/\/invest351.com\/wp-content\/uploads\/2023\/09\/Artur-Mariano-1-200x300.webp 200w, https:\/\/invest351.com\/wp-content\/uploads\/2023\/09\/Artur-Mariano-1-681x1024.webp 681w, https:\/\/invest351.com\/wp-content\/uploads\/2023\/09\/Artur-Mariano-1-768x1155.webp 768w, https:\/\/invest351.com\/wp-content\/uploads\/2023\/09\/Artur-Mariano-1-1022x1536.webp 1022w, https:\/\/invest351.com\/wp-content\/uploads\/2023\/09\/Artur-Mariano-1-8x12.webp 8w\" sizes=\"(max-width: 1277px) 100vw, 1277px\" \/>\t\t\t\t\t\t\t\t\t\t\t\t\t\t\t<\/div>\n\t\t\t\t<\/div>\n\t\t\t\t<div class=\"elementor-element elementor-element-9052b8f elementor-widget elementor-widget-heading\" data-id=\"9052b8f\" data-element_type=\"widget\" data-e-type=\"widget\" data-widget_type=\"heading.default\">\n\t\t\t\t<div class=\"elementor-widget-container\">\n\t\t\t\t\t<h5 class=\"elementor-heading-title elementor-size-default\">Quels sont vos projets de carri\u00e8re \u00e0 long terme ? Vous voyez-vous dans ce secteur pendant de nombreuses ann\u00e9es encore ? Consid\u00e9rez-vous ce contexte d'incertitude permanente comme un probl\u00e8me ou une opportunit\u00e9 ?<\/h5>\t\t\t\t<\/div>\n\t\t\t\t<\/div>\n\t\t\t\t<div class=\"elementor-element elementor-element-ceb7af8 elementor-widget elementor-widget-text-editor\" data-id=\"ceb7af8\" data-element_type=\"widget\" data-e-type=\"widget\" data-widget_type=\"text-editor.default\">\n\t\t\t\t<div class=\"elementor-widget-container\">\n\t\t\t\t\t\t\t\t\t<p>L'immobilier n'est pas un secteur o\u00f9 je veux gagner de l'argent et partir. Ce n'est pas que ce n'est pas valable (bien au contraire, comme je l'enseigne \u00e0 mes \u00e9tudiants), mais j'aime trop ce secteur pour le quitter. Je crois aujourd'hui que je serai dans l'immobilier pour toujours et avec une voix active. Et, avec la distance n\u00e9cessaire, avoir un parcours similaire \u00e0 celui de Sam Zell, par exemple (\u00e0 condition que le capital public soit d\u00e9j\u00e0 fait).<\/p><p>Quant \u00e0 la deuxi\u00e8me question, toute incertitude est bonne \u00e0 prendre pour l'investisseur mature.<\/p>\t\t\t\t\t\t\t\t<\/div>\n\t\t\t\t<\/div>\n\t\t\t\t<div class=\"elementor-element elementor-element-7c9b457 elementor-widget elementor-widget-heading\" data-id=\"7c9b457\" data-element_type=\"widget\" data-e-type=\"widget\" data-widget_type=\"heading.default\">\n\t\t\t\t<div class=\"elementor-widget-container\">\n\t\t\t\t\t<h5 class=\"elementor-heading-title elementor-size-default\">Quel a \u00e9t\u00e9 le projet le plus difficile sur lequel vous avez travaill\u00e9 et pourquoi ? Souhaitez-vous nous faire part d'un aspect particulier de ce d\u00e9fi ?<\/h5>\t\t\t\t<\/div>\n\t\t\t\t<\/div>\n\t\t\t\t<div class=\"elementor-element elementor-element-9e53af3 elementor-widget elementor-widget-text-editor\" data-id=\"9e53af3\" data-element_type=\"widget\" data-e-type=\"widget\" data-widget_type=\"text-editor.default\">\n\t\t\t\t<div class=\"elementor-widget-container\">\n\t\t\t\t\t\t\t\t\t<p>Cr\u00e9er et g\u00e9rer une entreprise de construction. C'est un secteur tr\u00e8s intense, avec une gestion hyperactive o\u00f9 tout, de la gestion des biens \u00e0 celle du personnel, doit \u00eatre rigoureusement appliqu\u00e9.<\/p>\t\t\t\t\t\t\t\t<\/div>\n\t\t\t\t<\/div>\n\t\t\t\t<div class=\"elementor-element elementor-element-17f82af elementor-widget elementor-widget-heading\" data-id=\"17f82af\" data-element_type=\"widget\" data-e-type=\"widget\" data-widget_type=\"heading.default\">\n\t\t\t\t<div class=\"elementor-widget-container\">\n\t\t\t\t\t<h5 class=\"elementor-heading-title elementor-size-default\">Vous souhaitez laisser un message aux acteurs du secteur immobilier ?<\/h5>\t\t\t\t<\/div>\n\t\t\t\t<\/div>\n\t\t\t\t<div class=\"elementor-element elementor-element-0ef8665 elementor-widget elementor-widget-text-editor\" data-id=\"0ef8665\" data-element_type=\"widget\" data-e-type=\"widget\" data-widget_type=\"text-editor.default\">\n\t\t\t\t<div class=\"elementor-widget-container\">\n\t\t\t\t\t\t\t\t\tComme toujours. Observez le march\u00e9 sur 60 ans, pas sur 60 jours.\n\t\t\t\t\t\t\t\t<\/div>\n\t\t\t\t<\/div>\n\t\t\t\t\t<\/div>\n\t\t<\/div>\n\t\t\t\t\t<\/div>\n\t\t<\/section>\n\t\t\t\t<\/div>","protected":false},"excerpt":{"rendered":"<p>\u00c0 l'\u00e2ge de 15 ans, je n\u00e9gociais d\u00e9j\u00e0 des FPI \u00e0 partir d'un ordinateur \u00e0 Guarda, dans ma chambre. \u00c0 l'\u00e9poque, je connaissais des villes comme San Francisco ou Boston par quartier, sans jamais y \u00eatre all\u00e9.<\/p>","protected":false},"author":2,"featured_media":5198,"comment_status":"closed","ping_status":"closed","sticky":false,"template":"","format":"standard","meta":{"_joinchat":[],"footnotes":""},"categories":[17],"tags":[16],"class_list":["post-5194","post","type-post","status-publish","format-standard","has-post-thumbnail","hentry","category-investing-talks","tag-invest-talks"],"yoast_head":"<!-- This site is optimized with the Yoast SEO plugin v27.5 - https:\/\/yoast.com\/product\/yoast-seo-wordpress\/ -->\n<title>Investing Talks - Artur Mariano - Invest 351 %<\/title>\n<meta name=\"robots\" content=\"index, follow, max-snippet:-1, max-image-preview:large, max-video-preview:-1\" \/>\n<link rel=\"canonical\" href=\"https:\/\/invest351.com\/fr\/linvestissement-parle-artur-mariano\/\" \/>\n<meta property=\"og:locale\" content=\"fr_FR\" \/>\n<meta property=\"og:type\" content=\"article\" \/>\n<meta property=\"og:title\" content=\"Investing Talks - Artur Mariano - Invest 351 %\" \/>\n<meta property=\"og:description\" content=\"Aos 15 anos j\u00e1 negociava REITs a partir de um computador na Guarda, no meu quarto. E naquela altura conhecia cidades como S\u00e3o Francisco ou Boston por quarteir\u00f5es, mesmo sem nunca l\u00e1 ter ido.\" \/>\n<meta property=\"og:url\" content=\"https:\/\/invest351.com\/fr\/linvestissement-parle-artur-mariano\/\" \/>\n<meta property=\"og:site_name\" content=\"Invest 351\" \/>\n<meta property=\"article:published_time\" content=\"2023-10-01T09:00:00+00:00\" \/>\n<meta property=\"article:modified_time\" content=\"2023-10-02T09:56:40+00:00\" \/>\n<meta property=\"og:image\" content=\"https:\/\/invest351.com\/wp-content\/uploads\/2023\/05\/daniel-sessler-g3O3xWspoN4-unsplash.jpg\" \/>\n\t<meta property=\"og:image:width\" content=\"2400\" \/>\n\t<meta property=\"og:image:height\" content=\"1612\" \/>\n\t<meta property=\"og:image:type\" content=\"image\/jpeg\" \/>\n<meta name=\"author\" content=\"Invest351\" \/>\n<meta name=\"twitter:card\" content=\"summary_large_image\" \/>\n<meta name=\"twitter:image\" content=\"https:\/\/invest351.com\/wp-content\/uploads\/2022\/07\/portonoite.png\" \/>\n<meta name=\"twitter:label1\" content=\"\u00c9crit par\" \/>\n\t<meta name=\"twitter:data1\" content=\"Invest351\" \/>\n\t<meta name=\"twitter:label2\" content=\"Dur\u00e9e de lecture estim\u00e9e\" \/>\n\t<meta name=\"twitter:data2\" content=\"10 minutes\" \/>\n<script type=\"application\/ld+json\" class=\"yoast-schema-graph\">{\"@context\":\"https:\\\/\\\/schema.org\",\"@graph\":[{\"@type\":[\"Article\",\"BlogPosting\"],\"@id\":\"https:\\\/\\\/invest351.com\\\/investing-talks-artur-mariano\\\/#article\",\"isPartOf\":{\"@id\":\"https:\\\/\\\/invest351.com\\\/investing-talks-artur-mariano\\\/\"},\"author\":{\"name\":\"Invest351\",\"@id\":\"https:\\\/\\\/invest351.com\\\/#\\\/schema\\\/person\\\/b288eee7d3da6c235476eaa34320adb8\"},\"headline\":\"Investing Talks &#8211; Artur Mariano\",\"datePublished\":\"2023-10-01T09:00:00+00:00\",\"dateModified\":\"2023-10-02T09:56:40+00:00\",\"mainEntityOfPage\":{\"@id\":\"https:\\\/\\\/invest351.com\\\/investing-talks-artur-mariano\\\/\"},\"wordCount\":1853,\"publisher\":{\"@id\":\"https:\\\/\\\/invest351.com\\\/#organization\"},\"image\":{\"@id\":\"https:\\\/\\\/invest351.com\\\/investing-talks-artur-mariano\\\/#primaryimage\"},\"thumbnailUrl\":\"https:\\\/\\\/invest351.com\\\/wp-content\\\/uploads\\\/2023\\\/09\\\/Artur-Mariano.webp\",\"keywords\":[\"Invest Talks\"],\"articleSection\":[\"Investing Talks\"],\"inLanguage\":\"fr-FR\"},{\"@type\":\"WebPage\",\"@id\":\"https:\\\/\\\/invest351.com\\\/investing-talks-artur-mariano\\\/\",\"url\":\"https:\\\/\\\/invest351.com\\\/investing-talks-artur-mariano\\\/\",\"name\":\"Investing Talks - Artur Mariano - Invest 351 %\",\"isPartOf\":{\"@id\":\"https:\\\/\\\/invest351.com\\\/#website\"},\"primaryImageOfPage\":{\"@id\":\"https:\\\/\\\/invest351.com\\\/investing-talks-artur-mariano\\\/#primaryimage\"},\"image\":{\"@id\":\"https:\\\/\\\/invest351.com\\\/investing-talks-artur-mariano\\\/#primaryimage\"},\"thumbnailUrl\":\"https:\\\/\\\/invest351.com\\\/wp-content\\\/uploads\\\/2023\\\/09\\\/Artur-Mariano.webp\",\"datePublished\":\"2023-10-01T09:00:00+00:00\",\"dateModified\":\"2023-10-02T09:56:40+00:00\",\"breadcrumb\":{\"@id\":\"https:\\\/\\\/invest351.com\\\/investing-talks-artur-mariano\\\/#breadcrumb\"},\"inLanguage\":\"fr-FR\",\"potentialAction\":[{\"@type\":\"ReadAction\",\"target\":[\"https:\\\/\\\/invest351.com\\\/investing-talks-artur-mariano\\\/\"]}]},{\"@type\":\"ImageObject\",\"inLanguage\":\"fr-FR\",\"@id\":\"https:\\\/\\\/invest351.com\\\/investing-talks-artur-mariano\\\/#primaryimage\",\"url\":\"https:\\\/\\\/invest351.com\\\/wp-content\\\/uploads\\\/2023\\\/09\\\/Artur-Mariano.webp\",\"contentUrl\":\"https:\\\/\\\/invest351.com\\\/wp-content\\\/uploads\\\/2023\\\/09\\\/Artur-Mariano.webp\",\"width\":1920,\"height\":1280},{\"@type\":\"BreadcrumbList\",\"@id\":\"https:\\\/\\\/invest351.com\\\/investing-talks-artur-mariano\\\/#breadcrumb\",\"itemListElement\":[{\"@type\":\"ListItem\",\"position\":1,\"name\":\"In\u00edcio\",\"item\":\"https:\\\/\\\/invest351.com\\\/\"},{\"@type\":\"ListItem\",\"position\":2,\"name\":\"Investing Talks &#8211; Artur Mariano\"}]},{\"@type\":\"WebSite\",\"@id\":\"https:\\\/\\\/invest351.com\\\/#website\",\"url\":\"https:\\\/\\\/invest351.com\\\/\",\"name\":\"Invest 351\",\"description\":\"Consultora especializada em investimento imobili\u00e1rio\",\"publisher\":{\"@id\":\"https:\\\/\\\/invest351.com\\\/#organization\"},\"potentialAction\":[{\"@type\":\"SearchAction\",\"target\":{\"@type\":\"EntryPoint\",\"urlTemplate\":\"https:\\\/\\\/invest351.com\\\/?s={search_term_string}\"},\"query-input\":{\"@type\":\"PropertyValueSpecification\",\"valueRequired\":true,\"valueName\":\"search_term_string\"}}],\"inLanguage\":\"fr-FR\"},{\"@type\":\"Organization\",\"@id\":\"https:\\\/\\\/invest351.com\\\/#organization\",\"name\":\"Invest 351\",\"url\":\"https:\\\/\\\/invest351.com\\\/\",\"logo\":{\"@type\":\"ImageObject\",\"inLanguage\":\"fr-FR\",\"@id\":\"https:\\\/\\\/invest351.com\\\/#\\\/schema\\\/logo\\\/image\\\/\",\"url\":\"https:\\\/\\\/invest351.com\\\/wp-content\\\/uploads\\\/2023\\\/01\\\/Invest351-black.png\",\"contentUrl\":\"https:\\\/\\\/invest351.com\\\/wp-content\\\/uploads\\\/2023\\\/01\\\/Invest351-black.png\",\"width\":1355,\"height\":265,\"caption\":\"Invest 351\"},\"image\":{\"@id\":\"https:\\\/\\\/invest351.com\\\/#\\\/schema\\\/logo\\\/image\\\/\"}},{\"@type\":\"Person\",\"@id\":\"https:\\\/\\\/invest351.com\\\/#\\\/schema\\\/person\\\/b288eee7d3da6c235476eaa34320adb8\",\"name\":\"Invest351\",\"image\":{\"@type\":\"ImageObject\",\"inLanguage\":\"fr-FR\",\"@id\":\"https:\\\/\\\/secure.gravatar.com\\\/avatar\\\/1af249abc435f72be1f3b6024783e128a63f1faf9d87408ee401ef0e6f7130fa?s=96&d=mm&r=g\",\"url\":\"https:\\\/\\\/secure.gravatar.com\\\/avatar\\\/1af249abc435f72be1f3b6024783e128a63f1faf9d87408ee401ef0e6f7130fa?s=96&d=mm&r=g\",\"contentUrl\":\"https:\\\/\\\/secure.gravatar.com\\\/avatar\\\/1af249abc435f72be1f3b6024783e128a63f1faf9d87408ee401ef0e6f7130fa?s=96&d=mm&r=g\",\"caption\":\"Invest351\"},\"url\":\"https:\\\/\\\/invest351.com\\\/fr\\\/author\\\/invest351\\\/\"}]}<\/script>\n<!-- \/ Yoast SEO plugin. -->","yoast_head_json":{"title":"Investing Talks - Artur Mariano - Invest 351 %","robots":{"index":"index","follow":"follow","max-snippet":"max-snippet:-1","max-image-preview":"max-image-preview:large","max-video-preview":"max-video-preview:-1"},"canonical":"https:\/\/invest351.com\/fr\/linvestissement-parle-artur-mariano\/","og_locale":"fr_FR","og_type":"article","og_title":"Investing Talks - Artur Mariano - Invest 351 %","og_description":"Aos 15 anos j\u00e1 negociava REITs a partir de um computador na Guarda, no meu quarto. E naquela altura conhecia cidades como S\u00e3o Francisco ou Boston por quarteir\u00f5es, mesmo sem nunca l\u00e1 ter ido.","og_url":"https:\/\/invest351.com\/fr\/linvestissement-parle-artur-mariano\/","og_site_name":"Invest 351","article_published_time":"2023-10-01T09:00:00+00:00","article_modified_time":"2023-10-02T09:56:40+00:00","og_image":[{"width":2400,"height":1612,"url":"https:\/\/invest351.com\/wp-content\/uploads\/2023\/05\/daniel-sessler-g3O3xWspoN4-unsplash.jpg","type":"image\/jpeg"}],"author":"Invest351","twitter_card":"summary_large_image","twitter_image":"https:\/\/invest351.com\/wp-content\/uploads\/2022\/07\/portonoite.png","twitter_misc":{"\u00c9crit par":"Invest351","Dur\u00e9e de lecture estim\u00e9e":"10 minutes"},"schema":{"@context":"https:\/\/schema.org","@graph":[{"@type":["Article","BlogPosting"],"@id":"https:\/\/invest351.com\/investing-talks-artur-mariano\/#article","isPartOf":{"@id":"https:\/\/invest351.com\/investing-talks-artur-mariano\/"},"author":{"name":"Invest351","@id":"https:\/\/invest351.com\/#\/schema\/person\/b288eee7d3da6c235476eaa34320adb8"},"headline":"Investing Talks &#8211; Artur Mariano","datePublished":"2023-10-01T09:00:00+00:00","dateModified":"2023-10-02T09:56:40+00:00","mainEntityOfPage":{"@id":"https:\/\/invest351.com\/investing-talks-artur-mariano\/"},"wordCount":1853,"publisher":{"@id":"https:\/\/invest351.com\/#organization"},"image":{"@id":"https:\/\/invest351.com\/investing-talks-artur-mariano\/#primaryimage"},"thumbnailUrl":"https:\/\/invest351.com\/wp-content\/uploads\/2023\/09\/Artur-Mariano.webp","keywords":["Invest Talks"],"articleSection":["Investing Talks"],"inLanguage":"fr-FR"},{"@type":"WebPage","@id":"https:\/\/invest351.com\/investing-talks-artur-mariano\/","url":"https:\/\/invest351.com\/investing-talks-artur-mariano\/","name":"Investing Talks - Artur Mariano - Invest 351 %","isPartOf":{"@id":"https:\/\/invest351.com\/#website"},"primaryImageOfPage":{"@id":"https:\/\/invest351.com\/investing-talks-artur-mariano\/#primaryimage"},"image":{"@id":"https:\/\/invest351.com\/investing-talks-artur-mariano\/#primaryimage"},"thumbnailUrl":"https:\/\/invest351.com\/wp-content\/uploads\/2023\/09\/Artur-Mariano.webp","datePublished":"2023-10-01T09:00:00+00:00","dateModified":"2023-10-02T09:56:40+00:00","breadcrumb":{"@id":"https:\/\/invest351.com\/investing-talks-artur-mariano\/#breadcrumb"},"inLanguage":"fr-FR","potentialAction":[{"@type":"ReadAction","target":["https:\/\/invest351.com\/investing-talks-artur-mariano\/"]}]},{"@type":"ImageObject","inLanguage":"fr-FR","@id":"https:\/\/invest351.com\/investing-talks-artur-mariano\/#primaryimage","url":"https:\/\/invest351.com\/wp-content\/uploads\/2023\/09\/Artur-Mariano.webp","contentUrl":"https:\/\/invest351.com\/wp-content\/uploads\/2023\/09\/Artur-Mariano.webp","width":1920,"height":1280},{"@type":"BreadcrumbList","@id":"https:\/\/invest351.com\/investing-talks-artur-mariano\/#breadcrumb","itemListElement":[{"@type":"ListItem","position":1,"name":"In\u00edcio","item":"https:\/\/invest351.com\/"},{"@type":"ListItem","position":2,"name":"Investing Talks &#8211; Artur Mariano"}]},{"@type":"WebSite","@id":"https:\/\/invest351.com\/#website","url":"https:\/\/invest351.com\/","name":"Investir 351","description":"Consultant sp\u00e9cialis\u00e9 dans l'investissement immobilier","publisher":{"@id":"https:\/\/invest351.com\/#organization"},"potentialAction":[{"@type":"SearchAction","target":{"@type":"EntryPoint","urlTemplate":"https:\/\/invest351.com\/?s={search_term_string}"},"query-input":{"@type":"PropertyValueSpecification","valueRequired":true,"valueName":"search_term_string"}}],"inLanguage":"fr-FR"},{"@type":"Organization","@id":"https:\/\/invest351.com\/#organization","name":"Investir 351","url":"https:\/\/invest351.com\/","logo":{"@type":"ImageObject","inLanguage":"fr-FR","@id":"https:\/\/invest351.com\/#\/schema\/logo\/image\/","url":"https:\/\/invest351.com\/wp-content\/uploads\/2023\/01\/Invest351-black.png","contentUrl":"https:\/\/invest351.com\/wp-content\/uploads\/2023\/01\/Invest351-black.png","width":1355,"height":265,"caption":"Invest 351"},"image":{"@id":"https:\/\/invest351.com\/#\/schema\/logo\/image\/"}},{"@type":"Person","@id":"https:\/\/invest351.com\/#\/schema\/person\/b288eee7d3da6c235476eaa34320adb8","name":"Investir351","image":{"@type":"ImageObject","inLanguage":"fr-FR","@id":"https:\/\/secure.gravatar.com\/avatar\/1af249abc435f72be1f3b6024783e128a63f1faf9d87408ee401ef0e6f7130fa?s=96&d=mm&r=g","url":"https:\/\/secure.gravatar.com\/avatar\/1af249abc435f72be1f3b6024783e128a63f1faf9d87408ee401ef0e6f7130fa?s=96&d=mm&r=g","contentUrl":"https:\/\/secure.gravatar.com\/avatar\/1af249abc435f72be1f3b6024783e128a63f1faf9d87408ee401ef0e6f7130fa?s=96&d=mm&r=g","caption":"Invest351"},"url":"https:\/\/invest351.com\/fr\/author\/invest351\/"}]}},"_links":{"self":[{"href":"https:\/\/invest351.com\/fr\/wp-json\/wp\/v2\/posts\/5194","targetHints":{"allow":["GET"]}}],"collection":[{"href":"https:\/\/invest351.com\/fr\/wp-json\/wp\/v2\/posts"}],"about":[{"href":"https:\/\/invest351.com\/fr\/wp-json\/wp\/v2\/types\/post"}],"author":[{"embeddable":true,"href":"https:\/\/invest351.com\/fr\/wp-json\/wp\/v2\/users\/2"}],"replies":[{"embeddable":true,"href":"https:\/\/invest351.com\/fr\/wp-json\/wp\/v2\/comments?post=5194"}],"version-history":[{"count":69,"href":"https:\/\/invest351.com\/fr\/wp-json\/wp\/v2\/posts\/5194\/revisions"}],"predecessor-version":[{"id":5269,"href":"https:\/\/invest351.com\/fr\/wp-json\/wp\/v2\/posts\/5194\/revisions\/5269"}],"wp:featuredmedia":[{"embeddable":true,"href":"https:\/\/invest351.com\/fr\/wp-json\/wp\/v2\/media\/5198"}],"wp:attachment":[{"href":"https:\/\/invest351.com\/fr\/wp-json\/wp\/v2\/media?parent=5194"}],"wp:term":[{"taxonomy":"category","embeddable":true,"href":"https:\/\/invest351.com\/fr\/wp-json\/wp\/v2\/categories?post=5194"},{"taxonomy":"post_tag","embeddable":true,"href":"https:\/\/invest351.com\/fr\/wp-json\/wp\/v2\/tags?post=5194"}],"curies":[{"name":"wp","href":"https:\/\/api.w.org\/{rel}","templated":true}]}}